{"id":2174,"date":"2020-05-19T13:40:49","date_gmt":"2020-05-19T11:40:49","guid":{"rendered":"https:\/\/ekonaut.org\/?p=2174"},"modified":"2022-12-14T01:53:32","modified_gmt":"2022-12-14T01:53:32","slug":"povodom-20-maja-svetskog-dana-pcela-pokrenuta-inicijativa-za-medonosne-baste","status":"publish","type":"post","link":"https:\/\/ekonaut.org\/en\/povodom-20-maja-svetskog-dana-pcela-pokrenuta-inicijativa-za-medonosne-baste\/","title":{"rendered":"Povodom 20. maja, svetskog dana p\u010dela, pokrenuta inicijativa za medonosne ba\u0161te!"},"content":{"rendered":"<p>Svet je danas te\u0161ko mesto za \u017eivot ako ste p\u010dela, cvet bogat polenom i nektarom je sve te\u017ee i te\u017ee nac\u0301i. \u0160irenje gradova, klimatske promene i pesticidi vr\u0161e pritisak na najva\u017eniju vrstu na svetu, odgovornu za dobar deo hrane koju svakodnevno jedemo. Povodom Svetskog dan p\u010dela koji se obele\u017eava 20. maja ove godine u Srbiji se pokre\u0107e \u201cIncijativa za medonosne ba\u0161te\u201c. Grupa organizacija, udru\u017eenja, institucija, p\u010delara, nau\u010dnika, ekolo\u0161kih aktivista, gra\u0111ana i gra\u0111anki koji \u017eele da pomognu p\u010delama kroz negovanje i zasnivanje povr\u0161ina sa medonosnim biljkam kao i postavljanja ko\u0161nica na teritoriji Beograda. Oni pozivaju na akciju pomo\u0107i p\u010delama i drugim opra\u0161iva\u010dima, tako \u0161to \u0107emo im ponuditi svoje otvorene prostore, bilo velike ili male, za raznolike biljke koje cvetaju i hrane ih.<\/p>\n\n\n\n<p>Udru\u017eenje Ekonaut, jedan od pokreta\u010da inicijative je zato sastavilo kratku informativnu publikaciju sa <a href=\"https:\/\/ekonaut.org\/wp-content\/uploads\/2022\/12\/100-biljaka-za-pcele-2022.pdf\">100 biljaka za p\u010dele<\/a>, da bi svako odabrao upravo biljke prema svojim mogu\u0107nostima i lako se uklju\u010dilo u Inicijativu koja planira da do jeseni animira \u0161to ve\u0107i broj ljudi, kompanija, udru\u017eenja, \u0161koli i svih ostalih, voljnih da se pridru\u017ee ovom poduhvatu kroz razli\u010dite programe u oblasti ba\u0161tovanstva i p\u010delarstva.<\/p>\n\n\n\n<figure class=\"wp-block-image alignnone size-large\"><a href=\"https:\/\/ekonaut.org\/wp-content\/uploads\/2022\/12\/100-biljaka-za-pcele-2022.pdf\"><img fetchpriority=\"high\" decoding=\"async\" width=\"1024\" height=\"598\" src=\"https:\/\/ekonaut.org\/wp-content\/uploads\/2022\/04\/naslovna_100-1024x598.jpg\" alt=\"\" class=\"wp-image-15457\" srcset=\"https:\/\/ekonaut.org\/wp-content\/uploads\/2022\/04\/naslovna_100-1024x598.jpg 1024w, https:\/\/ekonaut.org\/wp-content\/uploads\/2022\/04\/naslovna_100-300x175.jpg 300w, https:\/\/ekonaut.org\/wp-content\/uploads\/2022\/04\/naslovna_100-768x448.jpg 768w, https:\/\/ekonaut.org\/wp-content\/uploads\/2022\/04\/naslovna_100-18x12.jpg 18w, https:\/\/ekonaut.org\/wp-content\/uploads\/2022\/04\/naslovna_100-750x438.jpg 750w, https:\/\/ekonaut.org\/wp-content\/uploads\/2022\/04\/naslovna_100-1140x666.jpg 1140w, https:\/\/ekonaut.org\/wp-content\/uploads\/2022\/04\/naslovna_100.jpg 1276w\" sizes=\"(max-width: 1024px) 100vw, 1024px\" \/><\/a><figcaption class=\"wp-element-caption\">Klikom na sliku preuzimate publikaciju &#8222;100 biljaka za p\u010dele&#8220;<\/figcaption><\/figure>\n\n\n\n<p>Ako imate zelenu povr\u0161inu koju \u017eelite pretvoriti u uto\u010di\u0161te za p\u010dele, tim pejza\u017eista i ba\u0161tovana \u0107e vam u ime ove Inicijative pomo\u0107i da jednoli\u010dni travnjak pretvorite u ba\u0161tu koja je raj za: p\u010dele, leptirove i druge korisne insekte, a ujedno i vi\u0161e ekonomski odr\u017eiva.&nbsp; Ovo je u poslednjoj deceniji u svetu postao trend jer odr\u017eavanje povr\u0161ina sa razli\u010ditim vi\u0161egodi\u0161njim biljkama umesto travnjaka, doprinosi lokalnom biodiverzitetu, a zahteva manje vode jer su u pitanju biljke koje su otporne na su\u0161u ili poplave, a sve su \u010de\u0161\u0107e zbog klimatskih promena.<\/p>\n\n\n\n<p>Svako ko ve\u0107 ima neku povr\u0161inu koja ima elemente medonosne ba\u0161te mo\u017ee se priklju\u010diti inicijativi preko dru\u0161tvenih mre\u017ea i u\u010destvovati od 01. juna do 01. septembra u nagradnom konkursu #medonosnabasta. Svi koji budu delili svoje iskustvo i slike konkuri\u0161u za prigodne ba\u0161tovanske i p\u010delarske poklone. Pravila i uslovi \u0107e biti objavljeni 01. juna preko profila pokreta\u010da inicijative na dru\u0161tvenim mre\u017eama.<\/p>\n\n\n\n<p>Udru\u017eenje Ekonaut iz Beograda je ovu inicijativu pokrenulo u saradnji sa <a href=\"https:\/\/www.swedenabroad.se\/en\/embassies\/serbia-belgrade\/\">Ambasadom \u0160vedske u Srbiji<\/a> i ostalim partnerima zainteresovanim za dobrobit p\u010dela u Srbiji: <a href=\"http:\/\/spos.info\/\">Savez p\u010delarskih organizacija Srbije,<\/a> <a href=\"https:\/\/www.wwfadria.org\/sr\/\">WWF &#8211; svetska organizacija za za\u0161titu prirode<\/a>, <a href=\"https:\/\/novaiskra.com\/\">Nova Iskra \u2013 kreativni hub i coworking<\/a>, <a href=\"http:\/\/mnstudio.eu\/\">MN Studio<\/a> \u2013 pejza\u017eni arhitekta, P\u010delarsko gazdinstvo Sla\u0111an Simonovi\u0107, keativna agencija<a href=\"https:\/\/www.kreativaunlimited.com\/\"> \u201cKreativa Unilimited\u201d<\/a>, udru\u017eenja <a href=\"https:\/\/www.bfc.rs\">\u201cBeogradski festival cve\u0107a&#8220;<\/a> and <a href=\"https:\/\/supernatural.rs\/\">\u201cSupernatural\u201d<\/a>,&nbsp; projekat <a href=\"https:\/\/inaktorg.wixsite.com\/inakt\/divlji-beograd\">\u201cDivlji Beograd\u201d<\/a>&nbsp; i kompanija <a href=\"https:\/\/happyhoney.rs\/\">Happy Honey.<\/a> Deo programa Inicijative se odvija uz podr\u0161ku Sekretarijata za za\u0161titu \u017eivotne sredine grada Beograda.<\/p>\n\n\n\n<p>\u201cNa\u017ealost, broj p\u010dela se drasti\u010dno smanjuje zbog razli\u010ditih razloga, od promena u kori\u0161tenju zemlji\u0161ta, intenzivne poljoprivrede, upotrebe pesticida, uni\u0161tavanja prirodnih stani\u0161ta do klimatskih promena. Visoke temperature, promena vremenskih prilika tokom godi\u0161njih doba i ekstremni vremenski doga\u0111aji stvaraju probleme p\u010delama. Ako se ovaj trend nastavi, cena na\u0161eg voc\u0301a i povrc\u0301a mogla bi zna\u010dajno da poraste, hranljivi usevi c\u0301e sve vi\u0161e biti zamenjeni usevima poput pirin\u010da, kukuruza i krompira, \u0161to c\u0301e rezultirati neuravnote\u017eenom ishranom i manjom koli\u010dinom hrane\u201d izjavila je Du\u0161ka Dimovi\u0107 iz WWF-s svetske organizacije za za\u0161titu prirode.<\/p>\n\n\n\n<p>Da bi ste napravili svoju ba\u0161tu ili bilo kakvu zelenu povr\u0161inu prilago\u0111enu p\u010delama, potrebno je da va\u0161a zelena povr\u0161ina ima slede\u0107e elemente:<\/p>\n\n\n\n<ul class=\"wp-block-list\">\n<li>Biljke koje obezbe\u0111uju nektar i polen<\/li>\n\n\n\n<li>Sun\u010dano podru\u010dje bez velikog uticaja vetra<\/li>\n\n\n\n<li>Velike \u201emete opra\u0161iva\u010da\u201c, zone sa autohtonim ili neinvazivnim biljkama<\/li>\n\n\n\n<li>Kontinuirano cvetanje tokom vegetacije<\/li>\n\n\n\n<li>Eliminisan ili minimiziran uticaj pesticida i insekticida<\/li>\n\n\n\n<li>Vodenu povr\u0161inu ako je moguc\u0301e ili pojilicu za insekte.<\/li>\n<\/ul>\n\n\n\n<p>Ako \u017eelite da preuzmete aktivniju ulogu u o\u010duvanju p\u010dela i \u017eelite da nau\u010dite vi\u0161e o p\u010delarstvu bilo kao hobiju ili profesiji mo\u017eete pro\u0107i i p\u010delarsku obuku u trajanju od tri meseca u okviru \u201eBeeConnected\u201c&nbsp; \u0161kole urbanog p\u010delarstva koja se odr\u017eava u Beogradu koja po\u010dinje u julu u organizaciji Ekonauta i P\u010delarskog gazdinstva Sla\u0111an Simonovi\u0107.<\/p>\n\n\n\n<p>Dru\u0161tveno odgovorne kompanije ili stambene zajednice u Beogradu tako\u0111e mogu da podr\u017ee projekat urbanog p\u010delarstva i p\u010dele u gradu, tako \u0161to \u0107e usvojiti&nbsp; ko\u0161nice u svom otvorenom prostoru, kao \u0161to je na primer krov ili druga povr\u0161ina sa potrebnim uslovima tako da ne predstavlja opasnost ni za p\u010dele ni za ljude. Svoje prostore za potencijalne p\u010delinjake tako\u0111e mo\u017eete prijaviti kontaktiraju\u0107i udru\u017eenje Ekonaut \u010diji \u0107e p\u010delari proceniti na koji na\u010din mo\u017eete da dobijete svoj urbani p\u010delinjak.<\/p>\n\n\n\n<figure class=\"wp-block-image size-large\"><img decoding=\"async\" width=\"1024\" height=\"737\" src=\"https:\/\/ekonaut.org\/wp-content\/uploads\/2022\/04\/54-1024x737.jpg\" alt=\"\" class=\"wp-image-15459\" srcset=\"https:\/\/ekonaut.org\/wp-content\/uploads\/2022\/04\/54-1024x737.jpg 1024w, https:\/\/ekonaut.org\/wp-content\/uploads\/2022\/04\/54-300x216.jpg 300w, https:\/\/ekonaut.org\/wp-content\/uploads\/2022\/04\/54-768x553.jpg 768w, https:\/\/ekonaut.org\/wp-content\/uploads\/2022\/04\/54-18x12.jpg 18w, https:\/\/ekonaut.org\/wp-content\/uploads\/2022\/04\/54-120x86.jpg 120w, https:\/\/ekonaut.org\/wp-content\/uploads\/2022\/04\/54-750x540.jpg 750w, https:\/\/ekonaut.org\/wp-content\/uploads\/2022\/04\/54-1140x821.jpg 1140w, https:\/\/ekonaut.org\/wp-content\/uploads\/2022\/04\/54.jpg 1200w\" sizes=\"(max-width: 1024px) 100vw, 1024px\" \/><\/figure>\n\n\n\n<p><strong>Primer multifunkcionalne medonosne ba\u0161te<\/strong><\/p>\n\n\n\n<p>Primer jedne takve ba\u0161te se mo\u017ee na\u0107i u centru Beograda, u ulici Gavrila Principa u okviru prostora Nova Iskra Savamala, kreativnog haba i coworking zajednice.&nbsp; Nastala pre nekoliko godina, na samo 100m2 nekada zapu\u0161tenog prostora sada raste preko 70 razli\u010ditih vrsta biljaka, sa ciljem da se podstakne lokalni biodiverzitet. Ova ba\u0161ta je primer odr\u017eivog dizajna i ure\u0111enja otvorenog prostora. Uz sve to, ovakav prostor blagotvorno uti\u010de i na ljude, pru\u017eaju\u0107i iskustvo prirode, mesto za relaksaciju i inspiraciju. Biljke u ovoj ba\u0161ti&nbsp; iz godine u godinu pose\u0107uju razli\u010dite vrste p\u010dela i leptirova koje ne o\u010dekujete u blizini autobuske stanice u jednom od najzaga\u0111enijh delova Beograda.<\/p>\n\n\n\n<figure class=\"wp-block-image size-large\"><img decoding=\"async\" width=\"1024\" height=\"576\" src=\"https:\/\/ekonaut.org\/wp-content\/uploads\/2022\/04\/IMG_20170517-1024x576.jpg\" alt=\"\" class=\"wp-image-15460\" srcset=\"https:\/\/ekonaut.org\/wp-content\/uploads\/2022\/04\/IMG_20170517-1024x576.jpg 1024w, https:\/\/ekonaut.org\/wp-content\/uploads\/2022\/04\/IMG_20170517-300x169.jpg 300w, https:\/\/ekonaut.org\/wp-content\/uploads\/2022\/04\/IMG_20170517-768x432.jpg 768w, https:\/\/ekonaut.org\/wp-content\/uploads\/2022\/04\/IMG_20170517-18x10.jpg 18w, https:\/\/ekonaut.org\/wp-content\/uploads\/2022\/04\/IMG_20170517-750x422.jpg 750w, https:\/\/ekonaut.org\/wp-content\/uploads\/2022\/04\/IMG_20170517-1140x641.jpg 1140w, https:\/\/ekonaut.org\/wp-content\/uploads\/2022\/04\/IMG_20170517.jpg 1280w\" sizes=\"(max-width: 1024px) 100vw, 1024px\" \/><\/figure>\n\n\n\n<p><strong>Beogradski med ili da li je urbani med siguran za ljudsku upotrebu?<\/strong><\/p>\n\n\n\n<p>Rezultati ispitivanja uzorka urbanog meda sa podru\u010dja Beograda, iz ko\u0161nica koje udru\u017eenje \u201eEkonaut\u201c odr\u017eava za jednu dru\u0161tveno odgovornu kompaniju sa Novog Beograda, dostavljeno je InovaLab-u, laboratoriji za ispitivanje autenti\u010dnosti hrane koja je osnovana pri Hemijskom fakultetu u Beogradu.<\/p>\n\n\n\n<p>\u201cPokazalo se da ispitivani uzorak u potpunosti zadovol\u0458ava parametre kvaliteta meda saglasno odgovaraju\u0107oj nacionalnoj i evropskoj regulativi i da je prema sadr\u017eaju kontaminenata (rezidua pesticida i te\u0161kih metala) bezbedan za konzumiranje. Ranija ispitivanja ve\u0107eg broja uzoraka urbanog meda sa podru\u010dja Beograda pokazala su da je beogradski med bezbedan i prema sadr\u017eaju policikli\u010dnih aromati\u010dnih ugl\u0458ovodonika koji nastaju pri sagorevanju. Visok kvalitet ispitivanog uzorka meda ukazuje na visok potencijal Beograda za razvoj urbanog p\u010delarstva koje je u ekspanziji \u0161irom Evrope\u201d.&nbsp; Izjavila je Prof. dr Du\u0161anka Milojkovi\u0107-Opsenica sa Hemijskog fakulteta u Beogradu.<\/p>\n\n\n\n<p><strong>Urbano p\u010delastvo kao globalni trend i pozitivan PR za dru\u0161tveno odgovorne kompanije kod nas<\/strong><\/p>\n\n\n\n<p>Ovaj model p\u010delarstva je prepoznat u mnogim razvijenim urbanim sredinama, kao dobar na\u010din oboga\u0107ivanja lokalnog biodiverziteta, ali i kao dru\u0161tveno odgovorna kampanja koja privla\u010di pa\u017enju javnosti i senzibili\u0161e je za probleme \u017eivotne sredine<strong>.<\/strong> Od 2018.g u Beogradu postoji <a href=\"https:\/\/ekonaut.org\/en\/beeconnected\/\">\u201eBeeConnected\u201c <\/a>&#8211; Ekonautov projekat iz domena urbane ekologije kao i \u0161kola p\u010delarstva koja se bavi iznajmljivanjem i odr\u017eavanjem ko\u0161nica za dru\u0161tveno odgovorne kompanije, pojedince ili druge subjekte koji imaju \u017eelju i potrebne preduslove da na svom prostoru naprave p\u010delinjak uz stru\u010dnu pomo\u0107 i odr\u017eavanje od strane \u201eBeeConnected\u201c&nbsp; tima.<\/p>\n\n\n\n<p><strong>Istorija Svetskog dana p\u010dela<\/strong><\/p>\n\n\n\n<p>Da bi podigla svest o va\u017enosti opra\u0161iva\u010da, pretnjama s kojima se suo\u010davaju i njihovom doprinosu odr\u017eivom razvoju, UN je 20. maj odredio kao Svetski dan p\u010dela. Tog dana ro\u0111en je 1734.g. Slovenac Anton Jan\u0161a, pionir p\u010delarstva. Maj je izabran i kao mesec za Svetski dan p\u010dela, jer je na severnoj hemisferi potreba za opra\u0161ivanjem najvec\u0301a u tom periodu, dok je na ju\u017enoj hemisferi vreme za berbu meda i p\u010delinjih proizvoda. Cilj slavljenja ovog dana&nbsp; je ja\u010danje mera usmerenih na za\u0161titu p\u010dela i drugih opra\u0161iva\u010da, koje bi zna\u010dajno doprinele re\u0161avanju problema vezanih za globalnu snabdevanje hranom i eliminisanju gladi u zemljama u razvoju.<\/p>\n\n\n\n<figure class=\"wp-block-image size-large\"><img loading=\"lazy\" decoding=\"async\" width=\"1024\" height=\"683\" src=\"https:\/\/ekonaut.org\/wp-content\/uploads\/2022\/04\/IMG_7236-1024x683.jpg\" alt=\"\" class=\"wp-image-15461\" srcset=\"https:\/\/ekonaut.org\/wp-content\/uploads\/2022\/04\/IMG_7236-1024x683.jpg 1024w, https:\/\/ekonaut.org\/wp-content\/uploads\/2022\/04\/IMG_7236-300x200.jpg 300w, https:\/\/ekonaut.org\/wp-content\/uploads\/2022\/04\/IMG_7236-768x512.jpg 768w, https:\/\/ekonaut.org\/wp-content\/uploads\/2022\/04\/IMG_7236-18x12.jpg 18w, https:\/\/ekonaut.org\/wp-content\/uploads\/2022\/04\/IMG_7236-750x500.jpg 750w, https:\/\/ekonaut.org\/wp-content\/uploads\/2022\/04\/IMG_7236-1140x761.jpg 1140w, https:\/\/ekonaut.org\/wp-content\/uploads\/2022\/04\/IMG_7236.jpg 1280w\" sizes=\"(max-width: 1024px) 100vw, 1024px\" \/><\/figure>\n\n\n\n<p>Za kraj, svi zajedno \u017eelimo ovom akcijom da poru\u010dimo: \u201cAko \u017eelimo pomo\u0107i ovim korisnim insektima, da pobolj\u0161aju svoje zdravlje i broj tako da mogu nastaviti sa svojim va\u017enim poslom, dozvolimo im da imaju \u0161to vi\u0161e izvora hrane! Jer smo mi ljudi direktno odgovorni za nestanak njihovih stani\u0161ta i dana\u0161nji siroma\u0161an izbor p\u010delinje pa\u0161e. Najbolje bi bilo i za nas i za p\u010dele i p\u010delare da se med i drugi p\u010delinji proizvodi kupuju od lokalnih p\u010delara i na taj na\u010din ih podr\u017eimo u njihovom plemenitom poslu i budemo sigurni da med koji kupujemo nije falsifikovan kao \u0161to je \u010desto slu\u010daj sa medom koji se nalazi u supermarketima\u201d .<\/p>","protected":false},"excerpt":{"rendered":"<p>Svet je danas te\u0161ko mesto za \u017eivot ako ste p\u010dela, cvet bogat polenom i nektarom je sve te\u017ee i te\u017ee nac\u0301i. \u0160irenje gradova, klimatske promene i pesticidi vr\u0161e pritisak na najva\u017eniju vrstu na svetu, odgovornu za dobar deo hrane koju svakodnevno jedemo. Povodom Svetskog dan p\u010dela koji se obele\u017eava 20. maja ove godine u Srbiji [&hellip;]<\/p>","protected":false},"author":1,"featured_media":15461,"comment_status":"closed","ping_status":"closed","sticky":false,"template":"","format":"standard","meta":{"jnews-multi-image_gallery":[],"jnews_single_post":{"subtitle":"","format":"standard","video":"","gallery":"","source_name":"","source_url":"","via_name":"","via_url":"","override_template":"0","override":[{"template":"1","single_blog_custom":"","parallax":"1","fullscreen":"1","layout":"right-sidebar","sidebar":"default-sidebar","second_sidebar":"default-sidebar","sticky_sidebar":"1","share_position":"top","share_float_style":"share-monocrhome","show_share_counter":"1","show_view_counter":"1","show_featured":"1","show_post_meta":"1","show_post_author":"1","show_post_author_image":"1","show_post_date":"1","post_date_format":"default","post_date_format_custom":"Y\/m\/d","show_post_category":"1","show_post_reading_time":"0","post_reading_time_wpm":"300","show_zoom_button":"0","zoom_button_out_step":"2","zoom_button_in_step":"3","show_post_tag":"1","show_prev_next_post":"1","show_popup_post":"1","number_popup_post":"1","show_author_box":"0","show_post_related":"0","show_inline_post_related":"0"}],"override_image_size":"0","image_override":[{"single_post_thumbnail_size":"crop-500","single_post_gallery_size":"crop-500"}],"trending_post":"0","trending_post_position":"meta","trending_post_label":"Trending","sponsored_post":"0","sponsored_post_label":"Sponsored by","sponsored_post_name":"","sponsored_post_url":"","sponsored_post_logo_enable":"0","sponsored_post_logo":"","sponsored_post_desc":"","disable_ad":"0"},"jnews_primary_category":{"id":"","hide":""},"jnews_social_meta":{"fb_title":"","fb_description":"","fb_image":"","twitter_title":"","twitter_description":"","twitter_image":""},"jnews_review":[],"enable_review":"0","type":"percentage","name":"","summary":"","brand":"","sku":"","good":[{"good_text":""}],"bad":[{"bad_text":""}],"score_override":"0","override_value":"","rating":[{"rating_text":"","rating_number":"10"}],"price":[{"shop":"","price":"","link":"","icon":""}],"jnews_override_counter":{"override_view_counter":"0","view_counter_number":"0","override_share_counter":"0","share_counter_number":"0","override_like_counter":"0","like_counter_number":"0","override_dislike_counter":"0","dislike_counter_number":"0"},"jnews_post_split":{"enable_post_split":"0","post_split":[{"template":"1","tag":"h2","numbering":"asc","mode":"normal","first":"0","enable_toc":"0","toc_type":"normal"}]},"footnotes":""},"categories":[44],"tags":[],"class_list":["post-2174","post","type-post","status-publish","format-standard","has-post-thumbnail","hentry","category-vesti"],"yoast_head":"<!-- This site is optimized with the Yoast SEO plugin v27.5 - https:\/\/yoast.com\/product\/yoast-seo-wordpress\/ -->\n<title>Povodom 20. maja, svetskog dana p\u010dela, pokrenuta inicijativa za medonosne ba\u0161te! - Priroda u gradu<\/title>\n<meta name=\"robots\" content=\"index, follow, max-snippet:-1, max-image-preview:large, max-video-preview:-1\" \/>\n<link rel=\"canonical\" href=\"https:\/\/ekonaut.org\/en\/povodom-20-maja-svetskog-dana-pcela-pokrenuta-inicijativa-za-medonosne-baste\/\" \/>\n<meta property=\"og:locale\" content=\"en_GB\" \/>\n<meta property=\"og:type\" content=\"article\" \/>\n<meta property=\"og:title\" content=\"Povodom 20. maja, svetskog dana p\u010dela, pokrenuta inicijativa za medonosne ba\u0161te! - Priroda u gradu\" \/>\n<meta property=\"og:description\" content=\"Svet je danas te\u0161ko mesto za \u017eivot ako ste p\u010dela, cvet bogat polenom i nektarom je sve te\u017ee i te\u017ee nac\u0301i. \u0160irenje gradova, klimatske promene i pesticidi vr\u0161e pritisak na najva\u017eniju vrstu na svetu, odgovornu za dobar deo hrane koju svakodnevno jedemo. Povodom Svetskog dan p\u010dela koji se obele\u017eava 20. maja ove godine u Srbiji [&hellip;]\" \/>\n<meta property=\"og:url\" content=\"https:\/\/ekonaut.org\/en\/povodom-20-maja-svetskog-dana-pcela-pokrenuta-inicijativa-za-medonosne-baste\/\" \/>\n<meta property=\"og:site_name\" content=\"Priroda u gradu\" \/>\n<meta property=\"article:publisher\" content=\"https:\/\/www.facebook.com\/ekonaut.serbia\/\" \/>\n<meta property=\"article:published_time\" content=\"2020-05-19T11:40:49+00:00\" \/>\n<meta property=\"article:modified_time\" content=\"2022-12-14T01:53:32+00:00\" \/>\n<meta property=\"og:image\" content=\"https:\/\/ekonaut.org\/wp-content\/uploads\/2022\/04\/IMG_7236.jpg\" \/>\n\t<meta property=\"og:image:width\" content=\"1280\" \/>\n\t<meta property=\"og:image:height\" content=\"854\" \/>\n\t<meta property=\"og:image:type\" content=\"image\/jpeg\" \/>\n<meta name=\"author\" content=\"admin\" \/>\n<meta name=\"twitter:card\" content=\"summary_large_image\" \/>\n<meta name=\"twitter:label1\" content=\"Written by\" \/>\n\t<meta name=\"twitter:data1\" content=\"admin\" \/>\n\t<meta name=\"twitter:label2\" content=\"Estimated reading time\" \/>\n\t<meta name=\"twitter:data2\" content=\"7 minutes\" \/>\n<script type=\"application\/ld+json\" class=\"yoast-schema-graph\">{\"@context\":\"https:\\\/\\\/schema.org\",\"@graph\":[{\"@type\":\"Article\",\"@id\":\"https:\\\/\\\/ekonaut.org\\\/povodom-20-maja-svetskog-dana-pcela-pokrenuta-inicijativa-za-medonosne-baste\\\/#article\",\"isPartOf\":{\"@id\":\"https:\\\/\\\/ekonaut.org\\\/povodom-20-maja-svetskog-dana-pcela-pokrenuta-inicijativa-za-medonosne-baste\\\/\"},\"author\":{\"name\":\"admin\",\"@id\":\"https:\\\/\\\/ekonaut.org\\\/#\\\/schema\\\/person\\\/dd0c55c795264ed394034f47345f8154\"},\"headline\":\"Povodom 20. maja, svetskog dana p\u010dela, pokrenuta inicijativa za medonosne ba\u0161te!\",\"datePublished\":\"2020-05-19T11:40:49+00:00\",\"dateModified\":\"2022-12-14T01:53:32+00:00\",\"mainEntityOfPage\":{\"@id\":\"https:\\\/\\\/ekonaut.org\\\/povodom-20-maja-svetskog-dana-pcela-pokrenuta-inicijativa-za-medonosne-baste\\\/\"},\"wordCount\":1510,\"publisher\":{\"@id\":\"https:\\\/\\\/ekonaut.org\\\/#organization\"},\"image\":{\"@id\":\"https:\\\/\\\/ekonaut.org\\\/povodom-20-maja-svetskog-dana-pcela-pokrenuta-inicijativa-za-medonosne-baste\\\/#primaryimage\"},\"thumbnailUrl\":\"https:\\\/\\\/ekonaut.org\\\/wp-content\\\/uploads\\\/2022\\\/04\\\/IMG_7236.jpg\",\"articleSection\":[\"Vesti\"],\"inLanguage\":\"en-GB\"},{\"@type\":\"WebPage\",\"@id\":\"https:\\\/\\\/ekonaut.org\\\/povodom-20-maja-svetskog-dana-pcela-pokrenuta-inicijativa-za-medonosne-baste\\\/\",\"url\":\"https:\\\/\\\/ekonaut.org\\\/povodom-20-maja-svetskog-dana-pcela-pokrenuta-inicijativa-za-medonosne-baste\\\/\",\"name\":\"Povodom 20. maja, svetskog dana p\u010dela, pokrenuta inicijativa za medonosne ba\u0161te! - Priroda u gradu\",\"isPartOf\":{\"@id\":\"https:\\\/\\\/ekonaut.org\\\/#website\"},\"primaryImageOfPage\":{\"@id\":\"https:\\\/\\\/ekonaut.org\\\/povodom-20-maja-svetskog-dana-pcela-pokrenuta-inicijativa-za-medonosne-baste\\\/#primaryimage\"},\"image\":{\"@id\":\"https:\\\/\\\/ekonaut.org\\\/povodom-20-maja-svetskog-dana-pcela-pokrenuta-inicijativa-za-medonosne-baste\\\/#primaryimage\"},\"thumbnailUrl\":\"https:\\\/\\\/ekonaut.org\\\/wp-content\\\/uploads\\\/2022\\\/04\\\/IMG_7236.jpg\",\"datePublished\":\"2020-05-19T11:40:49+00:00\",\"dateModified\":\"2022-12-14T01:53:32+00:00\",\"breadcrumb\":{\"@id\":\"https:\\\/\\\/ekonaut.org\\\/povodom-20-maja-svetskog-dana-pcela-pokrenuta-inicijativa-za-medonosne-baste\\\/#breadcrumb\"},\"inLanguage\":\"en-GB\",\"potentialAction\":[{\"@type\":\"ReadAction\",\"target\":[\"https:\\\/\\\/ekonaut.org\\\/povodom-20-maja-svetskog-dana-pcela-pokrenuta-inicijativa-za-medonosne-baste\\\/\"]}]},{\"@type\":\"ImageObject\",\"inLanguage\":\"en-GB\",\"@id\":\"https:\\\/\\\/ekonaut.org\\\/povodom-20-maja-svetskog-dana-pcela-pokrenuta-inicijativa-za-medonosne-baste\\\/#primaryimage\",\"url\":\"https:\\\/\\\/ekonaut.org\\\/wp-content\\\/uploads\\\/2022\\\/04\\\/IMG_7236.jpg\",\"contentUrl\":\"https:\\\/\\\/ekonaut.org\\\/wp-content\\\/uploads\\\/2022\\\/04\\\/IMG_7236.jpg\",\"width\":1280,\"height\":854},{\"@type\":\"BreadcrumbList\",\"@id\":\"https:\\\/\\\/ekonaut.org\\\/povodom-20-maja-svetskog-dana-pcela-pokrenuta-inicijativa-za-medonosne-baste\\\/#breadcrumb\",\"itemListElement\":[{\"@type\":\"ListItem\",\"position\":1,\"name\":\"Home\",\"item\":\"https:\\\/\\\/ekonaut.org\\\/\"},{\"@type\":\"ListItem\",\"position\":2,\"name\":\"Povodom 20. maja, svetskog dana p\u010dela, pokrenuta inicijativa za medonosne ba\u0161te!\"}]},{\"@type\":\"WebSite\",\"@id\":\"https:\\\/\\\/ekonaut.org\\\/#website\",\"url\":\"https:\\\/\\\/ekonaut.org\\\/\",\"name\":\"Priroda u gradu\",\"description\":\"Sa\u010duvajmo prirodu u gradu\",\"publisher\":{\"@id\":\"https:\\\/\\\/ekonaut.org\\\/#organization\"},\"potentialAction\":[{\"@type\":\"SearchAction\",\"target\":{\"@type\":\"EntryPoint\",\"urlTemplate\":\"https:\\\/\\\/ekonaut.org\\\/?s={search_term_string}\"},\"query-input\":{\"@type\":\"PropertyValueSpecification\",\"valueRequired\":true,\"valueName\":\"search_term_string\"}}],\"inLanguage\":\"en-GB\"},{\"@type\":\"Organization\",\"@id\":\"https:\\\/\\\/ekonaut.org\\\/#organization\",\"name\":\"Priroda u gradu\",\"url\":\"https:\\\/\\\/ekonaut.org\\\/\",\"logo\":{\"@type\":\"ImageObject\",\"inLanguage\":\"en-GB\",\"@id\":\"https:\\\/\\\/ekonaut.org\\\/#\\\/schema\\\/logo\\\/image\\\/\",\"url\":\"https:\\\/\\\/ekonaut.org\\\/wp-content\\\/uploads\\\/2022\\\/03\\\/Ekonaut-logo.webp\",\"contentUrl\":\"https:\\\/\\\/ekonaut.org\\\/wp-content\\\/uploads\\\/2022\\\/03\\\/Ekonaut-logo.webp\",\"width\":230,\"height\":53,\"caption\":\"Priroda u gradu\"},\"image\":{\"@id\":\"https:\\\/\\\/ekonaut.org\\\/#\\\/schema\\\/logo\\\/image\\\/\"},\"sameAs\":[\"https:\\\/\\\/www.facebook.com\\\/ekonaut.serbia\\\/\",\"https:\\\/\\\/www.instagram.com\\\/ekonaut.srb\\\/?hl=en\",\"https:\\\/\\\/www.pinterest.com\\\/ekonautzdravac\\\/\"]},{\"@type\":\"Person\",\"@id\":\"https:\\\/\\\/ekonaut.org\\\/#\\\/schema\\\/person\\\/dd0c55c795264ed394034f47345f8154\",\"name\":\"admin\",\"sameAs\":[\"http:\\\/\\\/ekonaut.org\"],\"url\":\"https:\\\/\\\/ekonaut.org\\\/en\\\/author\\\/admin\\\/\"}]}<\/script>\n<!-- \/ Yoast SEO plugin. -->","yoast_head_json":{"title":"Povodom 20. maja, svetskog dana p\u010dela, pokrenuta inicijativa za medonosne ba\u0161te! - Priroda u gradu","robots":{"index":"index","follow":"follow","max-snippet":"max-snippet:-1","max-image-preview":"max-image-preview:large","max-video-preview":"max-video-preview:-1"},"canonical":"https:\/\/ekonaut.org\/en\/povodom-20-maja-svetskog-dana-pcela-pokrenuta-inicijativa-za-medonosne-baste\/","og_locale":"en_GB","og_type":"article","og_title":"Povodom 20. maja, svetskog dana p\u010dela, pokrenuta inicijativa za medonosne ba\u0161te! - Priroda u gradu","og_description":"Svet je danas te\u0161ko mesto za \u017eivot ako ste p\u010dela, cvet bogat polenom i nektarom je sve te\u017ee i te\u017ee nac\u0301i. \u0160irenje gradova, klimatske promene i pesticidi vr\u0161e pritisak na najva\u017eniju vrstu na svetu, odgovornu za dobar deo hrane koju svakodnevno jedemo. Povodom Svetskog dan p\u010dela koji se obele\u017eava 20. maja ove godine u Srbiji [&hellip;]","og_url":"https:\/\/ekonaut.org\/en\/povodom-20-maja-svetskog-dana-pcela-pokrenuta-inicijativa-za-medonosne-baste\/","og_site_name":"Priroda u gradu","article_publisher":"https:\/\/www.facebook.com\/ekonaut.serbia\/","article_published_time":"2020-05-19T11:40:49+00:00","article_modified_time":"2022-12-14T01:53:32+00:00","og_image":[{"width":1280,"height":854,"url":"https:\/\/ekonaut.org\/wp-content\/uploads\/2022\/04\/IMG_7236.jpg","type":"image\/jpeg"}],"author":"admin","twitter_card":"summary_large_image","twitter_misc":{"Written by":"admin","Estimated reading time":"7 minutes"},"schema":{"@context":"https:\/\/schema.org","@graph":[{"@type":"Article","@id":"https:\/\/ekonaut.org\/povodom-20-maja-svetskog-dana-pcela-pokrenuta-inicijativa-za-medonosne-baste\/#article","isPartOf":{"@id":"https:\/\/ekonaut.org\/povodom-20-maja-svetskog-dana-pcela-pokrenuta-inicijativa-za-medonosne-baste\/"},"author":{"name":"admin","@id":"https:\/\/ekonaut.org\/#\/schema\/person\/dd0c55c795264ed394034f47345f8154"},"headline":"Povodom 20. maja, svetskog dana p\u010dela, pokrenuta inicijativa za medonosne ba\u0161te!","datePublished":"2020-05-19T11:40:49+00:00","dateModified":"2022-12-14T01:53:32+00:00","mainEntityOfPage":{"@id":"https:\/\/ekonaut.org\/povodom-20-maja-svetskog-dana-pcela-pokrenuta-inicijativa-za-medonosne-baste\/"},"wordCount":1510,"publisher":{"@id":"https:\/\/ekonaut.org\/#organization"},"image":{"@id":"https:\/\/ekonaut.org\/povodom-20-maja-svetskog-dana-pcela-pokrenuta-inicijativa-za-medonosne-baste\/#primaryimage"},"thumbnailUrl":"https:\/\/ekonaut.org\/wp-content\/uploads\/2022\/04\/IMG_7236.jpg","articleSection":["Vesti"],"inLanguage":"en-GB"},{"@type":"WebPage","@id":"https:\/\/ekonaut.org\/povodom-20-maja-svetskog-dana-pcela-pokrenuta-inicijativa-za-medonosne-baste\/","url":"https:\/\/ekonaut.org\/povodom-20-maja-svetskog-dana-pcela-pokrenuta-inicijativa-za-medonosne-baste\/","name":"Povodom 20. maja, svetskog dana p\u010dela, pokrenuta inicijativa za medonosne ba\u0161te! - Priroda u gradu","isPartOf":{"@id":"https:\/\/ekonaut.org\/#website"},"primaryImageOfPage":{"@id":"https:\/\/ekonaut.org\/povodom-20-maja-svetskog-dana-pcela-pokrenuta-inicijativa-za-medonosne-baste\/#primaryimage"},"image":{"@id":"https:\/\/ekonaut.org\/povodom-20-maja-svetskog-dana-pcela-pokrenuta-inicijativa-za-medonosne-baste\/#primaryimage"},"thumbnailUrl":"https:\/\/ekonaut.org\/wp-content\/uploads\/2022\/04\/IMG_7236.jpg","datePublished":"2020-05-19T11:40:49+00:00","dateModified":"2022-12-14T01:53:32+00:00","breadcrumb":{"@id":"https:\/\/ekonaut.org\/povodom-20-maja-svetskog-dana-pcela-pokrenuta-inicijativa-za-medonosne-baste\/#breadcrumb"},"inLanguage":"en-GB","potentialAction":[{"@type":"ReadAction","target":["https:\/\/ekonaut.org\/povodom-20-maja-svetskog-dana-pcela-pokrenuta-inicijativa-za-medonosne-baste\/"]}]},{"@type":"ImageObject","inLanguage":"en-GB","@id":"https:\/\/ekonaut.org\/povodom-20-maja-svetskog-dana-pcela-pokrenuta-inicijativa-za-medonosne-baste\/#primaryimage","url":"https:\/\/ekonaut.org\/wp-content\/uploads\/2022\/04\/IMG_7236.jpg","contentUrl":"https:\/\/ekonaut.org\/wp-content\/uploads\/2022\/04\/IMG_7236.jpg","width":1280,"height":854},{"@type":"BreadcrumbList","@id":"https:\/\/ekonaut.org\/povodom-20-maja-svetskog-dana-pcela-pokrenuta-inicijativa-za-medonosne-baste\/#breadcrumb","itemListElement":[{"@type":"ListItem","position":1,"name":"Home","item":"https:\/\/ekonaut.org\/"},{"@type":"ListItem","position":2,"name":"Povodom 20. maja, svetskog dana p\u010dela, pokrenuta inicijativa za medonosne ba\u0161te!"}]},{"@type":"WebSite","@id":"https:\/\/ekonaut.org\/#website","url":"https:\/\/ekonaut.org\/","name":"Priroda u gradu","description":"Sa\u010duvajmo prirodu u gradu","publisher":{"@id":"https:\/\/ekonaut.org\/#organization"},"potentialAction":[{"@type":"SearchAction","target":{"@type":"EntryPoint","urlTemplate":"https:\/\/ekonaut.org\/?s={search_term_string}"},"query-input":{"@type":"PropertyValueSpecification","valueRequired":true,"valueName":"search_term_string"}}],"inLanguage":"en-GB"},{"@type":"Organization","@id":"https:\/\/ekonaut.org\/#organization","name":"Priroda u gradu","url":"https:\/\/ekonaut.org\/","logo":{"@type":"ImageObject","inLanguage":"en-GB","@id":"https:\/\/ekonaut.org\/#\/schema\/logo\/image\/","url":"https:\/\/ekonaut.org\/wp-content\/uploads\/2022\/03\/Ekonaut-logo.webp","contentUrl":"https:\/\/ekonaut.org\/wp-content\/uploads\/2022\/03\/Ekonaut-logo.webp","width":230,"height":53,"caption":"Priroda u gradu"},"image":{"@id":"https:\/\/ekonaut.org\/#\/schema\/logo\/image\/"},"sameAs":["https:\/\/www.facebook.com\/ekonaut.serbia\/","https:\/\/www.instagram.com\/ekonaut.srb\/?hl=en","https:\/\/www.pinterest.com\/ekonautzdravac\/"]},{"@type":"Person","@id":"https:\/\/ekonaut.org\/#\/schema\/person\/dd0c55c795264ed394034f47345f8154","name":"admin","sameAs":["http:\/\/ekonaut.org"],"url":"https:\/\/ekonaut.org\/en\/author\/admin\/"}]}},"_links":{"self":[{"href":"https:\/\/ekonaut.org\/en\/wp-json\/wp\/v2\/posts\/2174","targetHints":{"allow":["GET"]}}],"collection":[{"href":"https:\/\/ekonaut.org\/en\/wp-json\/wp\/v2\/posts"}],"about":[{"href":"https:\/\/ekonaut.org\/en\/wp-json\/wp\/v2\/types\/post"}],"author":[{"embeddable":true,"href":"https:\/\/ekonaut.org\/en\/wp-json\/wp\/v2\/users\/1"}],"replies":[{"embeddable":true,"href":"https:\/\/ekonaut.org\/en\/wp-json\/wp\/v2\/comments?post=2174"}],"version-history":[{"count":2,"href":"https:\/\/ekonaut.org\/en\/wp-json\/wp\/v2\/posts\/2174\/revisions"}],"predecessor-version":[{"id":16654,"href":"https:\/\/ekonaut.org\/en\/wp-json\/wp\/v2\/posts\/2174\/revisions\/16654"}],"wp:featuredmedia":[{"embeddable":true,"href":"https:\/\/ekonaut.org\/en\/wp-json\/wp\/v2\/media\/15461"}],"wp:attachment":[{"href":"https:\/\/ekonaut.org\/en\/wp-json\/wp\/v2\/media?parent=2174"}],"wp:term":[{"taxonomy":"category","embeddable":true,"href":"https:\/\/ekonaut.org\/en\/wp-json\/wp\/v2\/categories?post=2174"},{"taxonomy":"post_tag","embeddable":true,"href":"https:\/\/ekonaut.org\/en\/wp-json\/wp\/v2\/tags?post=2174"}],"curies":[{"name":"wp","href":"https:\/\/api.w.org\/{rel}","templated":true}]}}