{"id":16858,"date":"2023-10-09T11:26:05","date_gmt":"2023-10-09T11:26:05","guid":{"rendered":"https:\/\/ekonaut.org\/?p=16858"},"modified":"2024-04-15T12:55:15","modified_gmt":"2024-04-15T12:55:15","slug":"zavrsena-akcija-volontiranja-u-senzornom-vrtu-osnovne-skole-radivoj-popovic","status":"publish","type":"post","link":"https:\/\/ekonaut.org\/en\/zavrsena-akcija-volontiranja-u-senzornom-vrtu-osnovne-skole-radivoj-popovic\/","title":{"rendered":"The volunteering action in the Sensory Garden of the elementary school 'Radivoj Popovi\u0107' has been completed."},"content":{"rendered":"<p>In collaboration with <a href=\"https:\/\/www.learnupon.com\/\">LearnUpon <\/a>Ekonaut conducted two volunteering activities at the <a href=\"https:\/\/ekonaut.org\/en\/zavrsena-akcija-volontiranja-u-senzornom-vrtu-osnovne-skole-radivoj-popovic\/\">\"Radivoj Popovi\u0107\" Elementary School<\/a> in Zemun during the gardening season. This excellent institution has given children with hearing impairment, developmental dysphasia, autism, dysharmonic development, speech, and language issues hope and education for over 70 years. Volunteering was held in spring and autumn and brought together company employees who wanted to help schoolchildren.&nbsp;&nbsp;<\/p>\n\n\n\n<p>On June 19, the last day of school, Spring Volunteer Day began with excitement and anticipation at a specified site. The volunteers, students, and staff planted perennials, seasonal flowers, and culinary plants like tomatoes and peppers in raised beds during the pleasantly warm weather. This change improved the place for children, adults, school staff, and students' parents to use daily and upgraded the sensory garden where students can study and rest. A sensory garden allows children to explore the space with all their senses and develop them in a natural environment instead of the contained spaces where modern generations spend most of their time, which is bad for their growth and healing. The children in this garden can explore, learn, and play in a safe environment while the plants change with the seasons, using sight, hearing, touch, taste, and smell. Children with developmental issues and autism need a place to relax, which they can do here. Econaut has collaborated with the school \"Radivoj Popovi\u0107\" since 2016, helping to establish and build a garden during the school yard restoration. <\/p>\n\n\n\n<figure class=\"wp-block-gallery has-nested-images columns-default is-cropped wp-block-gallery-1 is-layout-flex wp-block-gallery-is-layout-flex\">\n<figure class=\"wp-block-image size-large\"><img fetchpriority=\"high\" decoding=\"async\" width=\"1024\" height=\"683\" data-id=\"16861\" src=\"https:\/\/ekonaut.org\/wp-content\/uploads\/2023\/10\/F3-1024x683.jpg\" alt=\"\" class=\"wp-image-16861\" srcset=\"https:\/\/ekonaut.org\/wp-content\/uploads\/2023\/10\/F3-1024x683.jpg 1024w, https:\/\/ekonaut.org\/wp-content\/uploads\/2023\/10\/F3-300x200.jpg 300w, https:\/\/ekonaut.org\/wp-content\/uploads\/2023\/10\/F3-768x512.jpg 768w, https:\/\/ekonaut.org\/wp-content\/uploads\/2023\/10\/F3-1536x1024.jpg 1536w, https:\/\/ekonaut.org\/wp-content\/uploads\/2023\/10\/F3-2048x1365.jpg 2048w, https:\/\/ekonaut.org\/wp-content\/uploads\/2023\/10\/F3-18x12.jpg 18w, https:\/\/ekonaut.org\/wp-content\/uploads\/2023\/10\/F3-750x500.jpg 750w, https:\/\/ekonaut.org\/wp-content\/uploads\/2023\/10\/F3-1140x760.jpg 1140w\" sizes=\"(max-width: 1024px) 100vw, 1024px\" \/><\/figure>\n<\/figure>\n\n\n\n<p><a href=\"https:\/\/ekonaut.org\/en\/senzorni-vrt\/\">The Sensory Garden <\/a>je mesto gde deca mogu da istra\u017euju prostor svim \u010dulima i da ih razvijaju u prirodnom okru\u017eenju umesto u zatvorenom prostoru u kome savremene generacije provode ve\u0107inu svog vremena \u0161to nije dobro za njihov razvoj ili oporavak. Uz pomog vida, sluha, dodira, ukusa i mirisa mali korisnici ovog vrta mogu da istra\u017euju, u\u010de i igraju se u sigurnom okru\u017eenju dok biljake u ovom vrtu prolaze kroz razli\u010dite transformacije tokom godi\u0161njih doba. Ovde tako\u0111e mogu da prona\u0111u prostor za opu\u0161tanje i relaksaciju koja je deci sa problemima u razvoju i autizmom izuzetno zna\u010dajna.&nbsp;Ekonaut od 2016.g. aktivno sara\u0111uje sa \u0161kolom &#8222;Radivoj Popovi\u0107&#8220;, te godine smo u\u010destvovali u zasnivanju i izgradnji ovog vrta tokom renoviranja \u0161kolskog dvori\u0161ta koje danas koriste i druge lokalne \u0161kole i vrti\u0107i za aktivnosti u otovorenom prostoru.<\/p>\n\n\n\n<figure class=\"wp-block-gallery has-nested-images columns-default is-cropped wp-block-gallery-2 is-layout-flex wp-block-gallery-is-layout-flex\">\n<figure class=\"wp-block-image size-large\"><img decoding=\"async\" width=\"1024\" height=\"576\" data-id=\"15204\" src=\"https:\/\/ekonaut.org\/wp-content\/uploads\/2022\/03\/Senzorni-vrt-2-1024x576.webp\" alt=\"\" class=\"wp-image-15204\" srcset=\"https:\/\/ekonaut.org\/wp-content\/uploads\/2022\/03\/Senzorni-vrt-2-1024x576.webp 1024w, https:\/\/ekonaut.org\/wp-content\/uploads\/2022\/03\/Senzorni-vrt-2-300x169.webp 300w, https:\/\/ekonaut.org\/wp-content\/uploads\/2022\/03\/Senzorni-vrt-2-768x432.webp 768w, https:\/\/ekonaut.org\/wp-content\/uploads\/2022\/03\/Senzorni-vrt-2-18x10.webp 18w, https:\/\/ekonaut.org\/wp-content\/uploads\/2022\/03\/Senzorni-vrt-2-750x422.webp 750w, https:\/\/ekonaut.org\/wp-content\/uploads\/2022\/03\/Senzorni-vrt-2-1140x641.webp 1140w, https:\/\/ekonaut.org\/wp-content\/uploads\/2022\/03\/Senzorni-vrt-2.webp 1280w\" sizes=\"(max-width: 1024px) 100vw, 1024px\" \/><\/figure>\n\n\n\n<figure class=\"wp-block-image size-large\"><img decoding=\"async\" width=\"1024\" height=\"576\" data-id=\"15205\" src=\"https:\/\/ekonaut.org\/wp-content\/uploads\/2022\/03\/Senzorni-vrt-1-1024x576.webp\" alt=\"\" class=\"wp-image-15205\" srcset=\"https:\/\/ekonaut.org\/wp-content\/uploads\/2022\/03\/Senzorni-vrt-1-1024x576.webp 1024w, https:\/\/ekonaut.org\/wp-content\/uploads\/2022\/03\/Senzorni-vrt-1-300x169.webp 300w, https:\/\/ekonaut.org\/wp-content\/uploads\/2022\/03\/Senzorni-vrt-1-768x432.webp 768w, https:\/\/ekonaut.org\/wp-content\/uploads\/2022\/03\/Senzorni-vrt-1-18x10.webp 18w, https:\/\/ekonaut.org\/wp-content\/uploads\/2022\/03\/Senzorni-vrt-1-750x422.webp 750w, https:\/\/ekonaut.org\/wp-content\/uploads\/2022\/03\/Senzorni-vrt-1-1140x641.webp 1140w, https:\/\/ekonaut.org\/wp-content\/uploads\/2022\/03\/Senzorni-vrt-1.webp 1280w\" sizes=\"(max-width: 1024px) 100vw, 1024px\" \/><\/figure>\n\n\n\n<figure class=\"wp-block-image size-large\"><img loading=\"lazy\" decoding=\"async\" width=\"1024\" height=\"576\" data-id=\"15206\" src=\"https:\/\/ekonaut.org\/wp-content\/uploads\/2022\/03\/Senzorni-vrt-3-1024x576.webp\" alt=\"\" class=\"wp-image-15206\" srcset=\"https:\/\/ekonaut.org\/wp-content\/uploads\/2022\/03\/Senzorni-vrt-3-1024x576.webp 1024w, https:\/\/ekonaut.org\/wp-content\/uploads\/2022\/03\/Senzorni-vrt-3-300x169.webp 300w, https:\/\/ekonaut.org\/wp-content\/uploads\/2022\/03\/Senzorni-vrt-3-768x432.webp 768w, https:\/\/ekonaut.org\/wp-content\/uploads\/2022\/03\/Senzorni-vrt-3-18x10.webp 18w, https:\/\/ekonaut.org\/wp-content\/uploads\/2022\/03\/Senzorni-vrt-3-750x422.webp 750w, https:\/\/ekonaut.org\/wp-content\/uploads\/2022\/03\/Senzorni-vrt-3-1140x641.webp 1140w, https:\/\/ekonaut.org\/wp-content\/uploads\/2022\/03\/Senzorni-vrt-3.webp 1280w\" sizes=\"(max-width: 1024px) 100vw, 1024px\" \/><\/figure>\n<\/figure>\n\n\n\n<p>From the end of September, volunteers from \"Radivoj Popovi\u0107\" primary school participated in an autumn volunteer day to enhance the schoolyard design and operation. We spent more time painting gates, wooden walkways and yard podiums with brushes and dedication. Everyone felt proud and fulfilled after the volunteers' hard work and attention to detail. This time, we planted seasonal flowers and food plants to colour the yard.&nbsp;<\/p>\n\n\n\n<p>Econaut and LearnUpon desire to establish further regular, seasonal volunteer initiatives at the school because the start of cooperation on volunteering day is so valuable. All participating workers and Econaut can volunteer their time, expertise, and resources at such activities. Econaut and LearnUpon hope to promote a feeling of community at the school and its students and staff by forming a long-term partnership.<\/p>\n\n\n\n<figure class=\"wp-block-gallery has-nested-images columns-default is-cropped wp-block-gallery-3 is-layout-flex wp-block-gallery-is-layout-flex\">\n<figure class=\"wp-block-image size-large\"><img loading=\"lazy\" decoding=\"async\" width=\"1024\" height=\"544\" data-id=\"16862\" src=\"https:\/\/ekonaut.org\/wp-content\/uploads\/2023\/10\/F1-1024x544.jpg\" alt=\"\" class=\"wp-image-16862\" srcset=\"https:\/\/ekonaut.org\/wp-content\/uploads\/2023\/10\/F1-1024x544.jpg 1024w, https:\/\/ekonaut.org\/wp-content\/uploads\/2023\/10\/F1-300x159.jpg 300w, https:\/\/ekonaut.org\/wp-content\/uploads\/2023\/10\/F1-768x408.jpg 768w, https:\/\/ekonaut.org\/wp-content\/uploads\/2023\/10\/F1-18x10.jpg 18w, https:\/\/ekonaut.org\/wp-content\/uploads\/2023\/10\/F1-750x398.jpg 750w, https:\/\/ekonaut.org\/wp-content\/uploads\/2023\/10\/F1.jpg 1079w\" sizes=\"(max-width: 1024px) 100vw, 1024px\" \/><\/figure>\n\n\n\n<figure class=\"wp-block-image size-large\"><img loading=\"lazy\" decoding=\"async\" width=\"1024\" height=\"586\" data-id=\"16863\" src=\"https:\/\/ekonaut.org\/wp-content\/uploads\/2023\/10\/F2-1024x586.jpg\" alt=\"\" class=\"wp-image-16863\" srcset=\"https:\/\/ekonaut.org\/wp-content\/uploads\/2023\/10\/F2-1024x586.jpg 1024w, https:\/\/ekonaut.org\/wp-content\/uploads\/2023\/10\/F2-300x172.jpg 300w, https:\/\/ekonaut.org\/wp-content\/uploads\/2023\/10\/F2-768x439.jpg 768w, https:\/\/ekonaut.org\/wp-content\/uploads\/2023\/10\/F2-1536x878.jpg 1536w, https:\/\/ekonaut.org\/wp-content\/uploads\/2023\/10\/F2-18x10.jpg 18w, https:\/\/ekonaut.org\/wp-content\/uploads\/2023\/10\/F2-750x429.jpg 750w, https:\/\/ekonaut.org\/wp-content\/uploads\/2023\/10\/F2-1140x652.jpg 1140w, https:\/\/ekonaut.org\/wp-content\/uploads\/2023\/10\/F2.jpg 1600w\" sizes=\"(max-width: 1024px) 100vw, 1024px\" \/><\/figure>\n\n\n\n<figure class=\"wp-block-image size-large\"><img loading=\"lazy\" decoding=\"async\" width=\"1024\" height=\"683\" data-id=\"16864\" src=\"https:\/\/ekonaut.org\/wp-content\/uploads\/2023\/10\/F4-1-1024x683.jpg\" alt=\"\" class=\"wp-image-16864\" srcset=\"https:\/\/ekonaut.org\/wp-content\/uploads\/2023\/10\/F4-1-1024x683.jpg 1024w, https:\/\/ekonaut.org\/wp-content\/uploads\/2023\/10\/F4-1-300x200.jpg 300w, https:\/\/ekonaut.org\/wp-content\/uploads\/2023\/10\/F4-1-768x512.jpg 768w, https:\/\/ekonaut.org\/wp-content\/uploads\/2023\/10\/F4-1-1536x1024.jpg 1536w, https:\/\/ekonaut.org\/wp-content\/uploads\/2023\/10\/F4-1-2048x1365.jpg 2048w, https:\/\/ekonaut.org\/wp-content\/uploads\/2023\/10\/F4-1-18x12.jpg 18w, https:\/\/ekonaut.org\/wp-content\/uploads\/2023\/10\/F4-1-750x500.jpg 750w, https:\/\/ekonaut.org\/wp-content\/uploads\/2023\/10\/F4-1-1140x760.jpg 1140w\" sizes=\"(max-width: 1024px) 100vw, 1024px\" \/><\/figure>\n<\/figure>\n\n\n\n<p>Ovim putem upu\u0107ujemo otvoreni poziv i drugim dru\u0161tveno odgovornim kompanijama iz razli\u010ditih sektora da nam se uskoro pridru\u017ee u ovakvim poduhvatima. Udru\u017eivanjem resursa mo\u017eemo zajedno napraviti u\u010diniti jo\u0161 ve\u0107u razliku u \u017eivotima dece u \u0161kolama kao \u0161to je&nbsp; \u201cRadivoj Popovi\u0107\u201d. Verujemo da ujedinjavanjem snaga mo\u017eemo da stvorimo mre\u017eu podr\u0161ke koja \u0107e biti od koristi ne samo ovoj \u0161koli ve\u0107 i celim zajednica. \u017delimo da inspiri\u0161emo sli\u010dne inicijative koje za cilj imaju transformaciju \u0161kolskih dvori\u0161ta iz betonskih prostora u \u017eivopisne ba\u0161te i u\u010dionice na otvorenom. Ovakvi prostori u\u010denicima mogu pru\u017eiti mogu\u0107nosti da budu aktivniji u nastavi i imaju prakti\u010dna iskustva u\u010denja, pove\u017eu se sa prirodom i razviju dublje razumevanje okoline koje ne mogu da dobiju kroz teoretsku nastavu.<\/p>","protected":false},"excerpt":{"rendered":"<p>Ekonaut je tokom ove sezone izveo dve akcije volontiranja u saradnji sa kompanijom LearnUpon u O\u0160 \u201eRadivoj Popovi\u0107\u201c u Zemunu. Ova izuzetna ustanova ve\u0107 vi\u0161e od 70 godina slu\u017ei kao svetionik nade i obrazovanja za decu sa o\u0161te\u0107enim sluhom, razvojnom disfazijom, autizmom, disharmoni\u010dnim razvojem, govornim i jezi\u010dkim problemima. Volontiranje je organizovano u dve faze, prole\u0107noj [&hellip;]<\/p>","protected":false},"author":1,"featured_media":16861,"comment_status":"closed","ping_status":"closed","sticky":false,"template":"","format":"standard","meta":{"jnews-multi-image_gallery":[],"jnews_single_post":{"subtitle":"","format":"standard","video":"","gallery":"","source_name":"","source_url":"","via_name":"","via_url":"","override_template":"0","override":[{"template":"1","single_blog_custom":"","parallax":"1","fullscreen":"1","layout":"right-sidebar","sidebar":"default-sidebar","second_sidebar":"default-sidebar","sticky_sidebar":"1","share_position":"top","share_float_style":"share-monocrhome","show_share_counter":"1","show_view_counter":"1","show_featured":"1","show_post_meta":"1","show_post_author":"0","show_post_author_image":"1","show_post_date":"1","post_date_format":"default","post_date_format_custom":"d.m.Y.","show_post_category":"0","show_post_reading_time":"0","post_reading_time_wpm":"300","show_zoom_button":"1","zoom_button_out_step":"2","zoom_button_in_step":"3","show_post_tag":"1","show_prev_next_post":"1","show_popup_post":"1","number_popup_post":"1","show_author_box":"0","show_post_related":"0","show_inline_post_related":"0"}],"override_image_size":"0","image_override":[{"single_post_thumbnail_size":"crop-500","single_post_gallery_size":"crop-500"}],"trending_post":"0","trending_post_position":"meta","trending_post_label":"Trending","sponsored_post":"0","sponsored_post_label":"Sponsored by","sponsored_post_name":"","sponsored_post_url":"","sponsored_post_logo_enable":"0","sponsored_post_logo":"","sponsored_post_desc":"","disable_ad":"0"},"jnews_primary_category":{"id":"","hide":""},"jnews_social_meta":{"fb_title":"","fb_description":"","fb_image":"","twitter_title":"","twitter_description":"","twitter_image":""},"jnews_review":[],"enable_review":"0","type":"percentage","name":"","summary":"","brand":"","sku":"","good":[{"good_text":""}],"bad":[{"bad_text":""}],"score_override":"0","override_value":"","rating":[{"rating_text":"","rating_number":"10"}],"price":[{"shop":"","price":"","link":"","icon":""}],"jnews_override_counter":{"override_view_counter":"0","view_counter_number":"0","override_share_counter":"0","share_counter_number":"0","override_like_counter":"0","like_counter_number":"0","override_dislike_counter":"0","dislike_counter_number":"0"},"jnews_post_split":{"enable_post_split":"0","post_split":[{"template":"1","tag":"h2","numbering":"asc","mode":"normal","first":"0","enable_toc":"0","toc_type":"normal"}]},"footnotes":""},"categories":[44],"tags":[],"class_list":["post-16858","post","type-post","status-publish","format-standard","has-post-thumbnail","hentry","category-vesti"],"yoast_head":"<!-- This site is optimized with the Yoast SEO plugin v27.5 - https:\/\/yoast.com\/product\/yoast-seo-wordpress\/ -->\n<title>Zavr\u0161ena akcija volontiranja u Senzornom vrtu osnovne\u00a0 \u0161kole \u201cRadivoj Popovi\u0107\u201d - Priroda u gradu<\/title>\n<meta name=\"description\" content=\"Ekonaut je tokom ove sezone izveo dve akcije volontiranja u saradnji sa kompanijom LearnUpon u O\u0160 \u201eRadivoj Popovi\u0107\u201c u Zemunu. Ova izuzetna ustanova ve\u0107 vi\u0161e od 70 godina slu\u017ei kao svetionik nade i obrazovanja za decu sa o\u0161te\u0107enim sluhom, razvojnom disfazijom, autizmom, disharmoni\u010dnim razvojem, govornim i jezi\u010dkim problemima. Volontiranje je organizovano u dve faze, prole\u0107noj i jesenjoj, okupilo je pojedince iz ove kompanije koji \u017eele da doprinesu svojim vremenom i ve\u0161tinama.\" \/>\n<meta name=\"robots\" content=\"index, follow, max-snippet:-1, max-image-preview:large, max-video-preview:-1\" \/>\n<link rel=\"canonical\" href=\"https:\/\/ekonaut.org\/en\/zavrsena-akcija-volontiranja-u-senzornom-vrtu-osnovne-skole-radivoj-popovic\/\" \/>\n<meta property=\"og:locale\" content=\"en_GB\" \/>\n<meta property=\"og:type\" content=\"article\" \/>\n<meta property=\"og:title\" content=\"Zavr\u0161ena akcija volontiranja u Senzornom vrtu osnovne\u00a0 \u0161kole \u201cRadivoj Popovi\u0107\u201d - Priroda u gradu\" \/>\n<meta property=\"og:description\" content=\"Ekonaut je tokom ove sezone izveo dve akcije volontiranja u saradnji sa kompanijom LearnUpon u O\u0160 \u201eRadivoj Popovi\u0107\u201c u Zemunu. Ova izuzetna ustanova ve\u0107 vi\u0161e od 70 godina slu\u017ei kao svetionik nade i obrazovanja za decu sa o\u0161te\u0107enim sluhom, razvojnom disfazijom, autizmom, disharmoni\u010dnim razvojem, govornim i jezi\u010dkim problemima. Volontiranje je organizovano u dve faze, prole\u0107noj i jesenjoj, okupilo je pojedince iz ove kompanije koji \u017eele da doprinesu svojim vremenom i ve\u0161tinama.\" \/>\n<meta property=\"og:url\" content=\"https:\/\/ekonaut.org\/en\/zavrsena-akcija-volontiranja-u-senzornom-vrtu-osnovne-skole-radivoj-popovic\/\" \/>\n<meta property=\"og:site_name\" content=\"Priroda u gradu\" \/>\n<meta property=\"article:publisher\" content=\"https:\/\/www.facebook.com\/ekonaut.serbia\/\" \/>\n<meta property=\"article:published_time\" content=\"2023-10-09T11:26:05+00:00\" \/>\n<meta property=\"article:modified_time\" content=\"2024-04-15T12:55:15+00:00\" \/>\n<meta property=\"og:image\" content=\"https:\/\/ekonaut.org\/wp-content\/uploads\/2023\/10\/F3-scaled.jpg\" \/>\n\t<meta property=\"og:image:width\" content=\"2560\" \/>\n\t<meta property=\"og:image:height\" content=\"1707\" \/>\n\t<meta property=\"og:image:type\" content=\"image\/jpeg\" \/>\n<meta name=\"author\" content=\"admin\" \/>\n<meta name=\"twitter:card\" content=\"summary_large_image\" \/>\n<meta name=\"twitter:label1\" content=\"Written by\" \/>\n\t<meta name=\"twitter:data1\" content=\"admin\" \/>\n\t<meta name=\"twitter:label2\" content=\"Estimated reading time\" \/>\n\t<meta name=\"twitter:data2\" content=\"1 minute\" \/>\n<script type=\"application\/ld+json\" class=\"yoast-schema-graph\">{\"@context\":\"https:\\\/\\\/schema.org\",\"@graph\":[{\"@type\":\"Article\",\"@id\":\"https:\\\/\\\/ekonaut.org\\\/zavrsena-akcija-volontiranja-u-senzornom-vrtu-osnovne-skole-radivoj-popovic\\\/#article\",\"isPartOf\":{\"@id\":\"https:\\\/\\\/ekonaut.org\\\/zavrsena-akcija-volontiranja-u-senzornom-vrtu-osnovne-skole-radivoj-popovic\\\/\"},\"author\":{\"name\":\"admin\",\"@id\":\"https:\\\/\\\/ekonaut.org\\\/#\\\/schema\\\/person\\\/dd0c55c795264ed394034f47345f8154\"},\"headline\":\"Zavr\u0161ena akcija volontiranja u Senzornom vrtu osnovne\u00a0 \u0161kole \u201cRadivoj Popovi\u0107\u201d\",\"datePublished\":\"2023-10-09T11:26:05+00:00\",\"dateModified\":\"2024-04-15T12:55:15+00:00\",\"mainEntityOfPage\":{\"@id\":\"https:\\\/\\\/ekonaut.org\\\/zavrsena-akcija-volontiranja-u-senzornom-vrtu-osnovne-skole-radivoj-popovic\\\/\"},\"wordCount\":694,\"publisher\":{\"@id\":\"https:\\\/\\\/ekonaut.org\\\/#organization\"},\"image\":{\"@id\":\"https:\\\/\\\/ekonaut.org\\\/zavrsena-akcija-volontiranja-u-senzornom-vrtu-osnovne-skole-radivoj-popovic\\\/#primaryimage\"},\"thumbnailUrl\":\"https:\\\/\\\/ekonaut.org\\\/wp-content\\\/uploads\\\/2023\\\/10\\\/F3-scaled.jpg\",\"articleSection\":[\"Vesti\"],\"inLanguage\":\"en-GB\"},{\"@type\":\"WebPage\",\"@id\":\"https:\\\/\\\/ekonaut.org\\\/zavrsena-akcija-volontiranja-u-senzornom-vrtu-osnovne-skole-radivoj-popovic\\\/\",\"url\":\"https:\\\/\\\/ekonaut.org\\\/zavrsena-akcija-volontiranja-u-senzornom-vrtu-osnovne-skole-radivoj-popovic\\\/\",\"name\":\"Zavr\u0161ena akcija volontiranja u Senzornom vrtu osnovne\u00a0 \u0161kole \u201cRadivoj Popovi\u0107\u201d - Priroda u gradu\",\"isPartOf\":{\"@id\":\"https:\\\/\\\/ekonaut.org\\\/#website\"},\"primaryImageOfPage\":{\"@id\":\"https:\\\/\\\/ekonaut.org\\\/zavrsena-akcija-volontiranja-u-senzornom-vrtu-osnovne-skole-radivoj-popovic\\\/#primaryimage\"},\"image\":{\"@id\":\"https:\\\/\\\/ekonaut.org\\\/zavrsena-akcija-volontiranja-u-senzornom-vrtu-osnovne-skole-radivoj-popovic\\\/#primaryimage\"},\"thumbnailUrl\":\"https:\\\/\\\/ekonaut.org\\\/wp-content\\\/uploads\\\/2023\\\/10\\\/F3-scaled.jpg\",\"datePublished\":\"2023-10-09T11:26:05+00:00\",\"dateModified\":\"2024-04-15T12:55:15+00:00\",\"description\":\"Ekonaut je tokom ove sezone izveo dve akcije volontiranja u saradnji sa kompanijom LearnUpon u O\u0160 \u201eRadivoj Popovi\u0107\u201c u Zemunu. Ova izuzetna ustanova ve\u0107 vi\u0161e od 70 godina slu\u017ei kao svetionik nade i obrazovanja za decu sa o\u0161te\u0107enim sluhom, razvojnom disfazijom, autizmom, disharmoni\u010dnim razvojem, govornim i jezi\u010dkim problemima. Volontiranje je organizovano u dve faze, prole\u0107noj i jesenjoj, okupilo je pojedince iz ove kompanije koji \u017eele da doprinesu svojim vremenom i ve\u0161tinama.\",\"breadcrumb\":{\"@id\":\"https:\\\/\\\/ekonaut.org\\\/zavrsena-akcija-volontiranja-u-senzornom-vrtu-osnovne-skole-radivoj-popovic\\\/#breadcrumb\"},\"inLanguage\":\"en-GB\",\"potentialAction\":[{\"@type\":\"ReadAction\",\"target\":[\"https:\\\/\\\/ekonaut.org\\\/zavrsena-akcija-volontiranja-u-senzornom-vrtu-osnovne-skole-radivoj-popovic\\\/\"]}]},{\"@type\":\"ImageObject\",\"inLanguage\":\"en-GB\",\"@id\":\"https:\\\/\\\/ekonaut.org\\\/zavrsena-akcija-volontiranja-u-senzornom-vrtu-osnovne-skole-radivoj-popovic\\\/#primaryimage\",\"url\":\"https:\\\/\\\/ekonaut.org\\\/wp-content\\\/uploads\\\/2023\\\/10\\\/F3-scaled.jpg\",\"contentUrl\":\"https:\\\/\\\/ekonaut.org\\\/wp-content\\\/uploads\\\/2023\\\/10\\\/F3-scaled.jpg\",\"width\":2560,\"height\":1707},{\"@type\":\"BreadcrumbList\",\"@id\":\"https:\\\/\\\/ekonaut.org\\\/zavrsena-akcija-volontiranja-u-senzornom-vrtu-osnovne-skole-radivoj-popovic\\\/#breadcrumb\",\"itemListElement\":[{\"@type\":\"ListItem\",\"position\":1,\"name\":\"Home\",\"item\":\"https:\\\/\\\/ekonaut.org\\\/\"},{\"@type\":\"ListItem\",\"position\":2,\"name\":\"Zavr\u0161ena akcija volontiranja u Senzornom vrtu osnovne\u00a0 \u0161kole \u201cRadivoj Popovi\u0107\u201d\"}]},{\"@type\":\"WebSite\",\"@id\":\"https:\\\/\\\/ekonaut.org\\\/#website\",\"url\":\"https:\\\/\\\/ekonaut.org\\\/\",\"name\":\"Priroda u gradu\",\"description\":\"Sa\u010duvajmo prirodu u gradu\",\"publisher\":{\"@id\":\"https:\\\/\\\/ekonaut.org\\\/#organization\"},\"potentialAction\":[{\"@type\":\"SearchAction\",\"target\":{\"@type\":\"EntryPoint\",\"urlTemplate\":\"https:\\\/\\\/ekonaut.org\\\/?s={search_term_string}\"},\"query-input\":{\"@type\":\"PropertyValueSpecification\",\"valueRequired\":true,\"valueName\":\"search_term_string\"}}],\"inLanguage\":\"en-GB\"},{\"@type\":\"Organization\",\"@id\":\"https:\\\/\\\/ekonaut.org\\\/#organization\",\"name\":\"Priroda u gradu\",\"url\":\"https:\\\/\\\/ekonaut.org\\\/\",\"logo\":{\"@type\":\"ImageObject\",\"inLanguage\":\"en-GB\",\"@id\":\"https:\\\/\\\/ekonaut.org\\\/#\\\/schema\\\/logo\\\/image\\\/\",\"url\":\"https:\\\/\\\/ekonaut.org\\\/wp-content\\\/uploads\\\/2022\\\/03\\\/Ekonaut-logo.webp\",\"contentUrl\":\"https:\\\/\\\/ekonaut.org\\\/wp-content\\\/uploads\\\/2022\\\/03\\\/Ekonaut-logo.webp\",\"width\":230,\"height\":53,\"caption\":\"Priroda u gradu\"},\"image\":{\"@id\":\"https:\\\/\\\/ekonaut.org\\\/#\\\/schema\\\/logo\\\/image\\\/\"},\"sameAs\":[\"https:\\\/\\\/www.facebook.com\\\/ekonaut.serbia\\\/\",\"https:\\\/\\\/www.instagram.com\\\/ekonaut.srb\\\/?hl=en\",\"https:\\\/\\\/www.pinterest.com\\\/ekonautzdravac\\\/\"]},{\"@type\":\"Person\",\"@id\":\"https:\\\/\\\/ekonaut.org\\\/#\\\/schema\\\/person\\\/dd0c55c795264ed394034f47345f8154\",\"name\":\"admin\",\"sameAs\":[\"http:\\\/\\\/ekonaut.org\"],\"url\":\"https:\\\/\\\/ekonaut.org\\\/en\\\/author\\\/admin\\\/\"}]}<\/script>\n<!-- \/ Yoast SEO plugin. -->","yoast_head_json":{"title":"Zavr\u0161ena akcija volontiranja u Senzornom vrtu osnovne\u00a0 \u0161kole \u201cRadivoj Popovi\u0107\u201d - Priroda u gradu","description":"Ekonaut je tokom ove sezone izveo dve akcije volontiranja u saradnji sa kompanijom LearnUpon u O\u0160 \u201eRadivoj Popovi\u0107\u201c u Zemunu. Ova izuzetna ustanova ve\u0107 vi\u0161e od 70 godina slu\u017ei kao svetionik nade i obrazovanja za decu sa o\u0161te\u0107enim sluhom, razvojnom disfazijom, autizmom, disharmoni\u010dnim razvojem, govornim i jezi\u010dkim problemima. Volontiranje je organizovano u dve faze, prole\u0107noj i jesenjoj, okupilo je pojedince iz ove kompanije koji \u017eele da doprinesu svojim vremenom i ve\u0161tinama.","robots":{"index":"index","follow":"follow","max-snippet":"max-snippet:-1","max-image-preview":"max-image-preview:large","max-video-preview":"max-video-preview:-1"},"canonical":"https:\/\/ekonaut.org\/en\/zavrsena-akcija-volontiranja-u-senzornom-vrtu-osnovne-skole-radivoj-popovic\/","og_locale":"en_GB","og_type":"article","og_title":"Zavr\u0161ena akcija volontiranja u Senzornom vrtu osnovne\u00a0 \u0161kole \u201cRadivoj Popovi\u0107\u201d - Priroda u gradu","og_description":"Ekonaut je tokom ove sezone izveo dve akcije volontiranja u saradnji sa kompanijom LearnUpon u O\u0160 \u201eRadivoj Popovi\u0107\u201c u Zemunu. Ova izuzetna ustanova ve\u0107 vi\u0161e od 70 godina slu\u017ei kao svetionik nade i obrazovanja za decu sa o\u0161te\u0107enim sluhom, razvojnom disfazijom, autizmom, disharmoni\u010dnim razvojem, govornim i jezi\u010dkim problemima. Volontiranje je organizovano u dve faze, prole\u0107noj i jesenjoj, okupilo je pojedince iz ove kompanije koji \u017eele da doprinesu svojim vremenom i ve\u0161tinama.","og_url":"https:\/\/ekonaut.org\/en\/zavrsena-akcija-volontiranja-u-senzornom-vrtu-osnovne-skole-radivoj-popovic\/","og_site_name":"Priroda u gradu","article_publisher":"https:\/\/www.facebook.com\/ekonaut.serbia\/","article_published_time":"2023-10-09T11:26:05+00:00","article_modified_time":"2024-04-15T12:55:15+00:00","og_image":[{"width":2560,"height":1707,"url":"https:\/\/ekonaut.org\/wp-content\/uploads\/2023\/10\/F3-scaled.jpg","type":"image\/jpeg"}],"author":"admin","twitter_card":"summary_large_image","twitter_misc":{"Written by":"admin","Estimated reading time":"1 minute"},"schema":{"@context":"https:\/\/schema.org","@graph":[{"@type":"Article","@id":"https:\/\/ekonaut.org\/zavrsena-akcija-volontiranja-u-senzornom-vrtu-osnovne-skole-radivoj-popovic\/#article","isPartOf":{"@id":"https:\/\/ekonaut.org\/zavrsena-akcija-volontiranja-u-senzornom-vrtu-osnovne-skole-radivoj-popovic\/"},"author":{"name":"admin","@id":"https:\/\/ekonaut.org\/#\/schema\/person\/dd0c55c795264ed394034f47345f8154"},"headline":"Zavr\u0161ena akcija volontiranja u Senzornom vrtu osnovne\u00a0 \u0161kole \u201cRadivoj Popovi\u0107\u201d","datePublished":"2023-10-09T11:26:05+00:00","dateModified":"2024-04-15T12:55:15+00:00","mainEntityOfPage":{"@id":"https:\/\/ekonaut.org\/zavrsena-akcija-volontiranja-u-senzornom-vrtu-osnovne-skole-radivoj-popovic\/"},"wordCount":694,"publisher":{"@id":"https:\/\/ekonaut.org\/#organization"},"image":{"@id":"https:\/\/ekonaut.org\/zavrsena-akcija-volontiranja-u-senzornom-vrtu-osnovne-skole-radivoj-popovic\/#primaryimage"},"thumbnailUrl":"https:\/\/ekonaut.org\/wp-content\/uploads\/2023\/10\/F3-scaled.jpg","articleSection":["Vesti"],"inLanguage":"en-GB"},{"@type":"WebPage","@id":"https:\/\/ekonaut.org\/zavrsena-akcija-volontiranja-u-senzornom-vrtu-osnovne-skole-radivoj-popovic\/","url":"https:\/\/ekonaut.org\/zavrsena-akcija-volontiranja-u-senzornom-vrtu-osnovne-skole-radivoj-popovic\/","name":"Zavr\u0161ena akcija volontiranja u Senzornom vrtu osnovne\u00a0 \u0161kole \u201cRadivoj Popovi\u0107\u201d - Priroda u gradu","isPartOf":{"@id":"https:\/\/ekonaut.org\/#website"},"primaryImageOfPage":{"@id":"https:\/\/ekonaut.org\/zavrsena-akcija-volontiranja-u-senzornom-vrtu-osnovne-skole-radivoj-popovic\/#primaryimage"},"image":{"@id":"https:\/\/ekonaut.org\/zavrsena-akcija-volontiranja-u-senzornom-vrtu-osnovne-skole-radivoj-popovic\/#primaryimage"},"thumbnailUrl":"https:\/\/ekonaut.org\/wp-content\/uploads\/2023\/10\/F3-scaled.jpg","datePublished":"2023-10-09T11:26:05+00:00","dateModified":"2024-04-15T12:55:15+00:00","description":"Ekonaut je tokom ove sezone izveo dve akcije volontiranja u saradnji sa kompanijom LearnUpon u O\u0160 \u201eRadivoj Popovi\u0107\u201c u Zemunu. Ova izuzetna ustanova ve\u0107 vi\u0161e od 70 godina slu\u017ei kao svetionik nade i obrazovanja za decu sa o\u0161te\u0107enim sluhom, razvojnom disfazijom, autizmom, disharmoni\u010dnim razvojem, govornim i jezi\u010dkim problemima. Volontiranje je organizovano u dve faze, prole\u0107noj i jesenjoj, okupilo je pojedince iz ove kompanije koji \u017eele da doprinesu svojim vremenom i ve\u0161tinama.","breadcrumb":{"@id":"https:\/\/ekonaut.org\/zavrsena-akcija-volontiranja-u-senzornom-vrtu-osnovne-skole-radivoj-popovic\/#breadcrumb"},"inLanguage":"en-GB","potentialAction":[{"@type":"ReadAction","target":["https:\/\/ekonaut.org\/zavrsena-akcija-volontiranja-u-senzornom-vrtu-osnovne-skole-radivoj-popovic\/"]}]},{"@type":"ImageObject","inLanguage":"en-GB","@id":"https:\/\/ekonaut.org\/zavrsena-akcija-volontiranja-u-senzornom-vrtu-osnovne-skole-radivoj-popovic\/#primaryimage","url":"https:\/\/ekonaut.org\/wp-content\/uploads\/2023\/10\/F3-scaled.jpg","contentUrl":"https:\/\/ekonaut.org\/wp-content\/uploads\/2023\/10\/F3-scaled.jpg","width":2560,"height":1707},{"@type":"BreadcrumbList","@id":"https:\/\/ekonaut.org\/zavrsena-akcija-volontiranja-u-senzornom-vrtu-osnovne-skole-radivoj-popovic\/#breadcrumb","itemListElement":[{"@type":"ListItem","position":1,"name":"Home","item":"https:\/\/ekonaut.org\/"},{"@type":"ListItem","position":2,"name":"Zavr\u0161ena akcija volontiranja u Senzornom vrtu osnovne\u00a0 \u0161kole \u201cRadivoj Popovi\u0107\u201d"}]},{"@type":"WebSite","@id":"https:\/\/ekonaut.org\/#website","url":"https:\/\/ekonaut.org\/","name":"Priroda u gradu","description":"Sa\u010duvajmo prirodu u gradu","publisher":{"@id":"https:\/\/ekonaut.org\/#organization"},"potentialAction":[{"@type":"SearchAction","target":{"@type":"EntryPoint","urlTemplate":"https:\/\/ekonaut.org\/?s={search_term_string}"},"query-input":{"@type":"PropertyValueSpecification","valueRequired":true,"valueName":"search_term_string"}}],"inLanguage":"en-GB"},{"@type":"Organization","@id":"https:\/\/ekonaut.org\/#organization","name":"Priroda u gradu","url":"https:\/\/ekonaut.org\/","logo":{"@type":"ImageObject","inLanguage":"en-GB","@id":"https:\/\/ekonaut.org\/#\/schema\/logo\/image\/","url":"https:\/\/ekonaut.org\/wp-content\/uploads\/2022\/03\/Ekonaut-logo.webp","contentUrl":"https:\/\/ekonaut.org\/wp-content\/uploads\/2022\/03\/Ekonaut-logo.webp","width":230,"height":53,"caption":"Priroda u gradu"},"image":{"@id":"https:\/\/ekonaut.org\/#\/schema\/logo\/image\/"},"sameAs":["https:\/\/www.facebook.com\/ekonaut.serbia\/","https:\/\/www.instagram.com\/ekonaut.srb\/?hl=en","https:\/\/www.pinterest.com\/ekonautzdravac\/"]},{"@type":"Person","@id":"https:\/\/ekonaut.org\/#\/schema\/person\/dd0c55c795264ed394034f47345f8154","name":"admin","sameAs":["http:\/\/ekonaut.org"],"url":"https:\/\/ekonaut.org\/en\/author\/admin\/"}]}},"_links":{"self":[{"href":"https:\/\/ekonaut.org\/en\/wp-json\/wp\/v2\/posts\/16858","targetHints":{"allow":["GET"]}}],"collection":[{"href":"https:\/\/ekonaut.org\/en\/wp-json\/wp\/v2\/posts"}],"about":[{"href":"https:\/\/ekonaut.org\/en\/wp-json\/wp\/v2\/types\/post"}],"author":[{"embeddable":true,"href":"https:\/\/ekonaut.org\/en\/wp-json\/wp\/v2\/users\/1"}],"replies":[{"embeddable":true,"href":"https:\/\/ekonaut.org\/en\/wp-json\/wp\/v2\/comments?post=16858"}],"version-history":[{"count":7,"href":"https:\/\/ekonaut.org\/en\/wp-json\/wp\/v2\/posts\/16858\/revisions"}],"predecessor-version":[{"id":16968,"href":"https:\/\/ekonaut.org\/en\/wp-json\/wp\/v2\/posts\/16858\/revisions\/16968"}],"wp:featuredmedia":[{"embeddable":true,"href":"https:\/\/ekonaut.org\/en\/wp-json\/wp\/v2\/media\/16861"}],"wp:attachment":[{"href":"https:\/\/ekonaut.org\/en\/wp-json\/wp\/v2\/media?parent=16858"}],"wp:term":[{"taxonomy":"category","embeddable":true,"href":"https:\/\/ekonaut.org\/en\/wp-json\/wp\/v2\/categories?post=16858"},{"taxonomy":"post_tag","embeddable":true,"href":"https:\/\/ekonaut.org\/en\/wp-json\/wp\/v2\/tags?post=16858"}],"curies":[{"name":"wp","href":"https:\/\/api.w.org\/{rel}","templated":true}]}}