{"id":16360,"date":"2022-08-24T18:40:18","date_gmt":"2022-08-24T18:40:18","guid":{"rendered":"https:\/\/ekonaut.org\/?p=16360"},"modified":"2022-09-14T14:07:39","modified_gmt":"2022-09-14T14:07:39","slug":"uspesno-zavrsen-konkurs-planirajmo-zelene-povrsine-zajedno","status":"publish","type":"post","link":"https:\/\/ekonaut.org\/en\/uspesno-zavrsen-konkurs-planirajmo-zelene-povrsine-zajedno\/","title":{"rendered":"Competition \"Let's plan green areas together\" completed successfully"},"content":{"rendered":"<p>At the beginning of May, together with partners from<a href=\"https:\/\/sr.placemakingweb.org\/\">&nbsp;Placemaking Western Balkans<\/a>Ekonaut sent an open, public invitation to associations and informal groups of citizens active in the areas of protection and development of green areas in the local community from Belgrade and Novi Sad to apply for the competition \"Let's plan green areas together\".<\/p>\n\n\n\n<p>The idea behind the launch of this contest by our associations is to empower local groups of citizens who gathered to improve their immediate environment in residential blocks, and it was especially intended for associations that were active in order to preserve green areas in their neighborhood. Seven local groups of citizens applied for the competition, and after reviewing the applications and interviews at the beginning of June, we selected one group from each city based on their current needs in the local community. In Novi Sad, together with tenants from MZ (the local community) Ivo Andri\u0107, we will jointly create a conceptual solution for the green area in Narodnog fronta street, while in Belgrade we will cooperate with the residents of Block 19a in New Belgrade who want to save the area in their block from investor urbanism and potential construction.<\/p>\n\n\n\n<figure class=\"wp-block-image size-large\"><img fetchpriority=\"high\" decoding=\"async\" width=\"1024\" height=\"590\" src=\"https:\/\/ekonaut.org\/wp-content\/uploads\/2022\/08\/IMG_20220619_185811-scaled-1-1024x590.jpg\" alt=\"\" class=\"wp-image-16363\" srcset=\"https:\/\/ekonaut.org\/wp-content\/uploads\/2022\/08\/IMG_20220619_185811-scaled-1-1024x590.jpg 1024w, https:\/\/ekonaut.org\/wp-content\/uploads\/2022\/08\/IMG_20220619_185811-scaled-1-300x173.jpg 300w, https:\/\/ekonaut.org\/wp-content\/uploads\/2022\/08\/IMG_20220619_185811-scaled-1-768x442.jpg 768w, https:\/\/ekonaut.org\/wp-content\/uploads\/2022\/08\/IMG_20220619_185811-scaled-1-1536x884.jpg 1536w, https:\/\/ekonaut.org\/wp-content\/uploads\/2022\/08\/IMG_20220619_185811-scaled-1-2048x1179.jpg 2048w, https:\/\/ekonaut.org\/wp-content\/uploads\/2022\/08\/IMG_20220619_185811-scaled-1-18x10.jpg 18w, https:\/\/ekonaut.org\/wp-content\/uploads\/2022\/08\/IMG_20220619_185811-scaled-1-750x432.jpg 750w, https:\/\/ekonaut.org\/wp-content\/uploads\/2022\/08\/IMG_20220619_185811-scaled-1-1140x656.jpg 1140w\" sizes=\"(max-width: 1024px) 100vw, 1024px\" \/><figcaption>Participatory planning workshop in MZ Ivo Andri\u0107 in Liman 4<\/figcaption><\/figure>\n\n\n\n<p>The first workshop with tenants from MZ \"Ivo Andri\u0107 was held on June 19 in the premises of the local community. Those present, with the help of Milena Ivkovi\u0107 and a team of final-year landscape architecture students, were guided through the elements that were chosen in a survey that preceded the workshop, in which about 140 people declared that they would like to have a \"Livada\" (eng: Meadow) area, which is bordered by the streets of Narodni Front and Banovi\u0107 Strahinje, get as much greenery as possible in the form of a mini urban forest, as well as an area for children to play that is not a standard children's playground. They also stated that they need a space for the dogs to run, as well as areas for sitting and socializing. Based on the results of the survey and the workshop, the Ekonaut and<a href=\"https:\/\/sr.placemakingweb.org\/\">&nbsp;Placemaking Western Balkans<\/a>&nbsp;team will develop conceptual solutions that will be further used to advocate the development of this green area into a space attractive to all generations and users from the local community. According to urban plans, the area is intended for the construction of a public purpose building, but it has been used as a green area for decades.<\/p>\n\n\n\n<figure class=\"wp-block-image size-large\"><img decoding=\"async\" width=\"1024\" height=\"601\" src=\"https:\/\/ekonaut.org\/wp-content\/uploads\/2022\/08\/IMG_20220526_165435-scaled-1-1024x601.jpg\" alt=\"\" class=\"wp-image-16364\" srcset=\"https:\/\/ekonaut.org\/wp-content\/uploads\/2022\/08\/IMG_20220526_165435-scaled-1-1024x601.jpg 1024w, https:\/\/ekonaut.org\/wp-content\/uploads\/2022\/08\/IMG_20220526_165435-scaled-1-300x176.jpg 300w, https:\/\/ekonaut.org\/wp-content\/uploads\/2022\/08\/IMG_20220526_165435-scaled-1-768x451.jpg 768w, https:\/\/ekonaut.org\/wp-content\/uploads\/2022\/08\/IMG_20220526_165435-scaled-1-1536x902.jpg 1536w, https:\/\/ekonaut.org\/wp-content\/uploads\/2022\/08\/IMG_20220526_165435-scaled-1-2048x1202.jpg 2048w, https:\/\/ekonaut.org\/wp-content\/uploads\/2022\/08\/IMG_20220526_165435-scaled-1-18x12.jpg 18w, https:\/\/ekonaut.org\/wp-content\/uploads\/2022\/08\/IMG_20220526_165435-scaled-1-750x440.jpg 750w, https:\/\/ekonaut.org\/wp-content\/uploads\/2022\/08\/IMG_20220526_165435-scaled-1-1140x669.jpg 1140w\" sizes=\"(max-width: 1024px) 100vw, 1024px\" \/><figcaption>\"Meadow\" - a green area that the citizens of Liman 4 want to arrange<\/figcaption><\/figure>\n\n\n\n<p>At the end of August, in cooperation with citizens, the next participatory workshop will be held in Block 19a, which will also be preceded by a survey of citizens about their needs in the public space that they want to arrange and save from the construction of a parking lot.<\/p>\n\n\n\n<p>&nbsp;We hope that the conceptual solutions that will be the final product of these workshops, as well as the whole process of participatory design, will contribute to making these associations and informal groups more visible both in the local community and among decision makers. \"Placemaking\" is a method that, through various types of activities, contributes to a deeper reflection on how devastated and insufficiently maintained public spaces in our cities can be revitalized with the creative participation of citizens.<\/p>\n\n\n\n<p>Konkurs je deo projekta \u201eInicijativa za gradske ba\u0161tenske zajednice\u201c u okviru koga radimo sa gra\u0111anima i donosiocima odluka za pobolj\u0161anju lokalne zelene infrastrukture kroz formiranje zelenih povr\u0161ina sa razli\u010ditim sadr\u017eajima.<\/p>\n\n\n\n<p><em>The project\u00a0<\/em><a href=\"https:\/\/ekonaut.org\/en\/ekonaut-pokrece-inicijativu-za-bastenske-zajednice\/\">\"Initiative for urban garden communities\"<\/a><em>\u00a0is implemented as part of the \"Green Incubator\" project of the Belgrade Open School, with the financial support of the European Union and the Friedrich Ebert Foundation. The activities of the \"Initiative for urban garden communities\" are also supported by the Open Society Foundation and the creative hub Nova Iskra.<\/em><\/p>","protected":false},"excerpt":{"rendered":"<p>Po\u010detkom maja zajedno sa partnerima iz&nbsp;Placemaking Western Balkans, Ekonaut je uputio otvoreni, javni poziv udru\u017eenjima i neformalnim grupama gra\u0111ana aktivnim u oblastima za\u0161tite i razvoja zelenih pov\u0161ina u lokalnoj zajednici iz Beograda i Novog Sada da se prijave na konkurs \u201ePlanirajmo zelene povr\u0161ine zajedno\u201c. Ideja iza pokretanja ovog konkursa od strane na\u0161ih udru\u017eenja je da [&hellip;]<\/p>","protected":false},"author":1,"featured_media":16361,"comment_status":"closed","ping_status":"closed","sticky":false,"template":"","format":"standard","meta":{"jnews-multi-image_gallery":[],"jnews_single_post":{"subtitle":"","format":"standard","video":"","gallery":"","source_name":"","source_url":"","via_name":"","via_url":"","override_template":"0","override":[{"template":"3","single_blog_custom":"","parallax":"1","fullscreen":"1","layout":"right-sidebar","sidebar":"default-sidebar","second_sidebar":"default-sidebar","sticky_sidebar":"1","share_position":"top","share_float_style":"share-monocrhome","show_share_counter":"0","show_view_counter":"0","show_featured":"1","show_post_meta":"0","show_post_author":"1","show_post_author_image":"1","show_post_date":"1","post_date_format":"default","post_date_format_custom":"Y\/m\/d","show_post_category":"1","show_post_reading_time":"0","post_reading_time_wpm":"300","show_zoom_button":"0","zoom_button_out_step":"2","zoom_button_in_step":"3","show_post_tag":"0","show_prev_next_post":"1","show_popup_post":"1","number_popup_post":"1","show_author_box":"0","show_post_related":"0","show_inline_post_related":"0"}],"override_image_size":"0","image_override":[{"single_post_thumbnail_size":"crop-500","single_post_gallery_size":"crop-500"}],"trending_post":"0","trending_post_position":"meta","trending_post_label":"Trending","sponsored_post":"0","sponsored_post_label":"Sponsored by","sponsored_post_name":"","sponsored_post_url":"","sponsored_post_logo_enable":"0","sponsored_post_logo":"","sponsored_post_desc":"","disable_ad":"0"},"jnews_primary_category":{"id":""},"jnews_social_meta":{"fb_title":"","fb_description":"","fb_image":"","twitter_title":"","twitter_description":"","twitter_image":""},"jnews_review":[],"enable_review":"0","type":"percentage","name":"","summary":"","brand":"","sku":"","good":[{"good_text":""}],"bad":[{"bad_text":""}],"score_override":"0","override_value":"","rating":[{"rating_text":"","rating_number":"10"}],"price":[{"shop":"","price":"","link":"","icon":""}],"jnews_override_counter":{"override_view_counter":"0","view_counter_number":"0","override_share_counter":"0","share_counter_number":"0","override_like_counter":"0","like_counter_number":"0","override_dislike_counter":"0","dislike_counter_number":"0"},"jnews_post_split":{"enable_post_split":"0","post_split":[{"template":"1","tag":"h2","numbering":"asc","mode":"normal","first":"0","enable_toc":"0","toc_type":"normal"}]},"footnotes":""},"categories":[44],"tags":[],"class_list":["post-16360","post","type-post","status-publish","format-standard","has-post-thumbnail","hentry","category-vesti"],"yoast_head":"<!-- This site is optimized with the Yoast SEO plugin v27.5 - https:\/\/yoast.com\/product\/yoast-seo-wordpress\/ -->\n<title>Uspe\u0161no zavr\u0161en konkurs \u201ePlanirajmo zelene povr\u0161ine zajedno\u201c - Priroda u gradu<\/title>\n<meta name=\"robots\" content=\"index, follow, max-snippet:-1, max-image-preview:large, max-video-preview:-1\" \/>\n<link rel=\"canonical\" href=\"https:\/\/ekonaut.org\/en\/uspesno-zavrsen-konkurs-planirajmo-zelene-povrsine-zajedno\/\" \/>\n<meta property=\"og:locale\" content=\"en_GB\" \/>\n<meta property=\"og:type\" content=\"article\" \/>\n<meta property=\"og:title\" content=\"Uspe\u0161no zavr\u0161en konkurs \u201ePlanirajmo zelene povr\u0161ine zajedno\u201c - Priroda u gradu\" \/>\n<meta property=\"og:description\" content=\"Po\u010detkom maja zajedno sa partnerima iz&nbsp;Placemaking Western Balkans, Ekonaut je uputio otvoreni, javni poziv udru\u017eenjima i neformalnim grupama gra\u0111ana aktivnim u oblastima za\u0161tite i razvoja zelenih pov\u0161ina u lokalnoj zajednici iz Beograda i Novog Sada da se prijave na konkurs \u201ePlanirajmo zelene povr\u0161ine zajedno\u201c. Ideja iza pokretanja ovog konkursa od strane na\u0161ih udru\u017eenja je da [&hellip;]\" \/>\n<meta property=\"og:url\" content=\"https:\/\/ekonaut.org\/en\/uspesno-zavrsen-konkurs-planirajmo-zelene-povrsine-zajedno\/\" \/>\n<meta property=\"og:site_name\" content=\"Priroda u gradu\" \/>\n<meta property=\"article:publisher\" content=\"https:\/\/www.facebook.com\/ekonaut.serbia\/\" \/>\n<meta property=\"article:published_time\" content=\"2022-08-24T18:40:18+00:00\" \/>\n<meta property=\"article:modified_time\" content=\"2022-09-14T14:07:39+00:00\" \/>\n<meta property=\"og:image\" content=\"https:\/\/ekonaut.org\/wp-content\/uploads\/2022\/08\/1655886359805-1.jpg\" \/>\n\t<meta property=\"og:image:width\" content=\"900\" \/>\n\t<meta property=\"og:image:height\" content=\"900\" \/>\n\t<meta property=\"og:image:type\" content=\"image\/jpeg\" \/>\n<meta name=\"author\" content=\"admin\" \/>\n<meta name=\"twitter:card\" content=\"summary_large_image\" \/>\n<meta name=\"twitter:label1\" content=\"Written by\" \/>\n\t<meta name=\"twitter:data1\" content=\"admin\" \/>\n\t<meta name=\"twitter:label2\" content=\"Estimated reading time\" \/>\n\t<meta name=\"twitter:data2\" content=\"3 minutes\" \/>\n<script type=\"application\/ld+json\" class=\"yoast-schema-graph\">{\"@context\":\"https:\\\/\\\/schema.org\",\"@graph\":[{\"@type\":\"Article\",\"@id\":\"https:\\\/\\\/ekonaut.org\\\/uspesno-zavrsen-konkurs-planirajmo-zelene-povrsine-zajedno\\\/#article\",\"isPartOf\":{\"@id\":\"https:\\\/\\\/ekonaut.org\\\/uspesno-zavrsen-konkurs-planirajmo-zelene-povrsine-zajedno\\\/\"},\"author\":{\"name\":\"admin\",\"@id\":\"https:\\\/\\\/ekonaut.org\\\/#\\\/schema\\\/person\\\/dd0c55c795264ed394034f47345f8154\"},\"headline\":\"Uspe\u0161no zavr\u0161en konkurs \u201ePlanirajmo zelene povr\u0161ine zajedno\u201c\",\"datePublished\":\"2022-08-24T18:40:18+00:00\",\"dateModified\":\"2022-09-14T14:07:39+00:00\",\"mainEntityOfPage\":{\"@id\":\"https:\\\/\\\/ekonaut.org\\\/uspesno-zavrsen-konkurs-planirajmo-zelene-povrsine-zajedno\\\/\"},\"wordCount\":615,\"publisher\":{\"@id\":\"https:\\\/\\\/ekonaut.org\\\/#organization\"},\"image\":{\"@id\":\"https:\\\/\\\/ekonaut.org\\\/uspesno-zavrsen-konkurs-planirajmo-zelene-povrsine-zajedno\\\/#primaryimage\"},\"thumbnailUrl\":\"https:\\\/\\\/ekonaut.org\\\/wp-content\\\/uploads\\\/2022\\\/08\\\/1655886359805-1.jpg\",\"articleSection\":[\"Vesti\"],\"inLanguage\":\"en-GB\"},{\"@type\":\"WebPage\",\"@id\":\"https:\\\/\\\/ekonaut.org\\\/uspesno-zavrsen-konkurs-planirajmo-zelene-povrsine-zajedno\\\/\",\"url\":\"https:\\\/\\\/ekonaut.org\\\/uspesno-zavrsen-konkurs-planirajmo-zelene-povrsine-zajedno\\\/\",\"name\":\"Uspe\u0161no zavr\u0161en konkurs \u201ePlanirajmo zelene povr\u0161ine zajedno\u201c - Priroda u gradu\",\"isPartOf\":{\"@id\":\"https:\\\/\\\/ekonaut.org\\\/#website\"},\"primaryImageOfPage\":{\"@id\":\"https:\\\/\\\/ekonaut.org\\\/uspesno-zavrsen-konkurs-planirajmo-zelene-povrsine-zajedno\\\/#primaryimage\"},\"image\":{\"@id\":\"https:\\\/\\\/ekonaut.org\\\/uspesno-zavrsen-konkurs-planirajmo-zelene-povrsine-zajedno\\\/#primaryimage\"},\"thumbnailUrl\":\"https:\\\/\\\/ekonaut.org\\\/wp-content\\\/uploads\\\/2022\\\/08\\\/1655886359805-1.jpg\",\"datePublished\":\"2022-08-24T18:40:18+00:00\",\"dateModified\":\"2022-09-14T14:07:39+00:00\",\"breadcrumb\":{\"@id\":\"https:\\\/\\\/ekonaut.org\\\/uspesno-zavrsen-konkurs-planirajmo-zelene-povrsine-zajedno\\\/#breadcrumb\"},\"inLanguage\":\"en-GB\",\"potentialAction\":[{\"@type\":\"ReadAction\",\"target\":[\"https:\\\/\\\/ekonaut.org\\\/uspesno-zavrsen-konkurs-planirajmo-zelene-povrsine-zajedno\\\/\"]}]},{\"@type\":\"ImageObject\",\"inLanguage\":\"en-GB\",\"@id\":\"https:\\\/\\\/ekonaut.org\\\/uspesno-zavrsen-konkurs-planirajmo-zelene-povrsine-zajedno\\\/#primaryimage\",\"url\":\"https:\\\/\\\/ekonaut.org\\\/wp-content\\\/uploads\\\/2022\\\/08\\\/1655886359805-1.jpg\",\"contentUrl\":\"https:\\\/\\\/ekonaut.org\\\/wp-content\\\/uploads\\\/2022\\\/08\\\/1655886359805-1.jpg\",\"width\":900,\"height\":900},{\"@type\":\"BreadcrumbList\",\"@id\":\"https:\\\/\\\/ekonaut.org\\\/uspesno-zavrsen-konkurs-planirajmo-zelene-povrsine-zajedno\\\/#breadcrumb\",\"itemListElement\":[{\"@type\":\"ListItem\",\"position\":1,\"name\":\"Home\",\"item\":\"https:\\\/\\\/ekonaut.org\\\/\"},{\"@type\":\"ListItem\",\"position\":2,\"name\":\"Uspe\u0161no zavr\u0161en konkurs \u201ePlanirajmo zelene povr\u0161ine zajedno\u201c\"}]},{\"@type\":\"WebSite\",\"@id\":\"https:\\\/\\\/ekonaut.org\\\/#website\",\"url\":\"https:\\\/\\\/ekonaut.org\\\/\",\"name\":\"Priroda u gradu\",\"description\":\"Sa\u010duvajmo prirodu u gradu\",\"publisher\":{\"@id\":\"https:\\\/\\\/ekonaut.org\\\/#organization\"},\"potentialAction\":[{\"@type\":\"SearchAction\",\"target\":{\"@type\":\"EntryPoint\",\"urlTemplate\":\"https:\\\/\\\/ekonaut.org\\\/?s={search_term_string}\"},\"query-input\":{\"@type\":\"PropertyValueSpecification\",\"valueRequired\":true,\"valueName\":\"search_term_string\"}}],\"inLanguage\":\"en-GB\"},{\"@type\":\"Organization\",\"@id\":\"https:\\\/\\\/ekonaut.org\\\/#organization\",\"name\":\"Priroda u gradu\",\"url\":\"https:\\\/\\\/ekonaut.org\\\/\",\"logo\":{\"@type\":\"ImageObject\",\"inLanguage\":\"en-GB\",\"@id\":\"https:\\\/\\\/ekonaut.org\\\/#\\\/schema\\\/logo\\\/image\\\/\",\"url\":\"https:\\\/\\\/ekonaut.org\\\/wp-content\\\/uploads\\\/2022\\\/03\\\/Ekonaut-logo.webp\",\"contentUrl\":\"https:\\\/\\\/ekonaut.org\\\/wp-content\\\/uploads\\\/2022\\\/03\\\/Ekonaut-logo.webp\",\"width\":230,\"height\":53,\"caption\":\"Priroda u gradu\"},\"image\":{\"@id\":\"https:\\\/\\\/ekonaut.org\\\/#\\\/schema\\\/logo\\\/image\\\/\"},\"sameAs\":[\"https:\\\/\\\/www.facebook.com\\\/ekonaut.serbia\\\/\",\"https:\\\/\\\/www.instagram.com\\\/ekonaut.srb\\\/?hl=en\",\"https:\\\/\\\/www.pinterest.com\\\/ekonautzdravac\\\/\"]},{\"@type\":\"Person\",\"@id\":\"https:\\\/\\\/ekonaut.org\\\/#\\\/schema\\\/person\\\/dd0c55c795264ed394034f47345f8154\",\"name\":\"admin\",\"sameAs\":[\"http:\\\/\\\/ekonaut.org\"],\"url\":\"https:\\\/\\\/ekonaut.org\\\/en\\\/author\\\/admin\\\/\"}]}<\/script>\n<!-- \/ Yoast SEO plugin. -->","yoast_head_json":{"title":"Uspe\u0161no zavr\u0161en konkurs \u201ePlanirajmo zelene povr\u0161ine zajedno\u201c - Priroda u gradu","robots":{"index":"index","follow":"follow","max-snippet":"max-snippet:-1","max-image-preview":"max-image-preview:large","max-video-preview":"max-video-preview:-1"},"canonical":"https:\/\/ekonaut.org\/en\/uspesno-zavrsen-konkurs-planirajmo-zelene-povrsine-zajedno\/","og_locale":"en_GB","og_type":"article","og_title":"Uspe\u0161no zavr\u0161en konkurs \u201ePlanirajmo zelene povr\u0161ine zajedno\u201c - Priroda u gradu","og_description":"Po\u010detkom maja zajedno sa partnerima iz&nbsp;Placemaking Western Balkans, Ekonaut je uputio otvoreni, javni poziv udru\u017eenjima i neformalnim grupama gra\u0111ana aktivnim u oblastima za\u0161tite i razvoja zelenih pov\u0161ina u lokalnoj zajednici iz Beograda i Novog Sada da se prijave na konkurs \u201ePlanirajmo zelene povr\u0161ine zajedno\u201c. Ideja iza pokretanja ovog konkursa od strane na\u0161ih udru\u017eenja je da [&hellip;]","og_url":"https:\/\/ekonaut.org\/en\/uspesno-zavrsen-konkurs-planirajmo-zelene-povrsine-zajedno\/","og_site_name":"Priroda u gradu","article_publisher":"https:\/\/www.facebook.com\/ekonaut.serbia\/","article_published_time":"2022-08-24T18:40:18+00:00","article_modified_time":"2022-09-14T14:07:39+00:00","og_image":[{"width":900,"height":900,"url":"https:\/\/ekonaut.org\/wp-content\/uploads\/2022\/08\/1655886359805-1.jpg","type":"image\/jpeg"}],"author":"admin","twitter_card":"summary_large_image","twitter_misc":{"Written by":"admin","Estimated reading time":"3 minutes"},"schema":{"@context":"https:\/\/schema.org","@graph":[{"@type":"Article","@id":"https:\/\/ekonaut.org\/uspesno-zavrsen-konkurs-planirajmo-zelene-povrsine-zajedno\/#article","isPartOf":{"@id":"https:\/\/ekonaut.org\/uspesno-zavrsen-konkurs-planirajmo-zelene-povrsine-zajedno\/"},"author":{"name":"admin","@id":"https:\/\/ekonaut.org\/#\/schema\/person\/dd0c55c795264ed394034f47345f8154"},"headline":"Uspe\u0161no zavr\u0161en konkurs \u201ePlanirajmo zelene povr\u0161ine zajedno\u201c","datePublished":"2022-08-24T18:40:18+00:00","dateModified":"2022-09-14T14:07:39+00:00","mainEntityOfPage":{"@id":"https:\/\/ekonaut.org\/uspesno-zavrsen-konkurs-planirajmo-zelene-povrsine-zajedno\/"},"wordCount":615,"publisher":{"@id":"https:\/\/ekonaut.org\/#organization"},"image":{"@id":"https:\/\/ekonaut.org\/uspesno-zavrsen-konkurs-planirajmo-zelene-povrsine-zajedno\/#primaryimage"},"thumbnailUrl":"https:\/\/ekonaut.org\/wp-content\/uploads\/2022\/08\/1655886359805-1.jpg","articleSection":["Vesti"],"inLanguage":"en-GB"},{"@type":"WebPage","@id":"https:\/\/ekonaut.org\/uspesno-zavrsen-konkurs-planirajmo-zelene-povrsine-zajedno\/","url":"https:\/\/ekonaut.org\/uspesno-zavrsen-konkurs-planirajmo-zelene-povrsine-zajedno\/","name":"Uspe\u0161no zavr\u0161en konkurs \u201ePlanirajmo zelene povr\u0161ine zajedno\u201c - Priroda u gradu","isPartOf":{"@id":"https:\/\/ekonaut.org\/#website"},"primaryImageOfPage":{"@id":"https:\/\/ekonaut.org\/uspesno-zavrsen-konkurs-planirajmo-zelene-povrsine-zajedno\/#primaryimage"},"image":{"@id":"https:\/\/ekonaut.org\/uspesno-zavrsen-konkurs-planirajmo-zelene-povrsine-zajedno\/#primaryimage"},"thumbnailUrl":"https:\/\/ekonaut.org\/wp-content\/uploads\/2022\/08\/1655886359805-1.jpg","datePublished":"2022-08-24T18:40:18+00:00","dateModified":"2022-09-14T14:07:39+00:00","breadcrumb":{"@id":"https:\/\/ekonaut.org\/uspesno-zavrsen-konkurs-planirajmo-zelene-povrsine-zajedno\/#breadcrumb"},"inLanguage":"en-GB","potentialAction":[{"@type":"ReadAction","target":["https:\/\/ekonaut.org\/uspesno-zavrsen-konkurs-planirajmo-zelene-povrsine-zajedno\/"]}]},{"@type":"ImageObject","inLanguage":"en-GB","@id":"https:\/\/ekonaut.org\/uspesno-zavrsen-konkurs-planirajmo-zelene-povrsine-zajedno\/#primaryimage","url":"https:\/\/ekonaut.org\/wp-content\/uploads\/2022\/08\/1655886359805-1.jpg","contentUrl":"https:\/\/ekonaut.org\/wp-content\/uploads\/2022\/08\/1655886359805-1.jpg","width":900,"height":900},{"@type":"BreadcrumbList","@id":"https:\/\/ekonaut.org\/uspesno-zavrsen-konkurs-planirajmo-zelene-povrsine-zajedno\/#breadcrumb","itemListElement":[{"@type":"ListItem","position":1,"name":"Home","item":"https:\/\/ekonaut.org\/"},{"@type":"ListItem","position":2,"name":"Uspe\u0161no zavr\u0161en konkurs \u201ePlanirajmo zelene povr\u0161ine zajedno\u201c"}]},{"@type":"WebSite","@id":"https:\/\/ekonaut.org\/#website","url":"https:\/\/ekonaut.org\/","name":"Priroda u gradu","description":"Sa\u010duvajmo prirodu u gradu","publisher":{"@id":"https:\/\/ekonaut.org\/#organization"},"potentialAction":[{"@type":"SearchAction","target":{"@type":"EntryPoint","urlTemplate":"https:\/\/ekonaut.org\/?s={search_term_string}"},"query-input":{"@type":"PropertyValueSpecification","valueRequired":true,"valueName":"search_term_string"}}],"inLanguage":"en-GB"},{"@type":"Organization","@id":"https:\/\/ekonaut.org\/#organization","name":"Priroda u gradu","url":"https:\/\/ekonaut.org\/","logo":{"@type":"ImageObject","inLanguage":"en-GB","@id":"https:\/\/ekonaut.org\/#\/schema\/logo\/image\/","url":"https:\/\/ekonaut.org\/wp-content\/uploads\/2022\/03\/Ekonaut-logo.webp","contentUrl":"https:\/\/ekonaut.org\/wp-content\/uploads\/2022\/03\/Ekonaut-logo.webp","width":230,"height":53,"caption":"Priroda u gradu"},"image":{"@id":"https:\/\/ekonaut.org\/#\/schema\/logo\/image\/"},"sameAs":["https:\/\/www.facebook.com\/ekonaut.serbia\/","https:\/\/www.instagram.com\/ekonaut.srb\/?hl=en","https:\/\/www.pinterest.com\/ekonautzdravac\/"]},{"@type":"Person","@id":"https:\/\/ekonaut.org\/#\/schema\/person\/dd0c55c795264ed394034f47345f8154","name":"admin","sameAs":["http:\/\/ekonaut.org"],"url":"https:\/\/ekonaut.org\/en\/author\/admin\/"}]}},"_links":{"self":[{"href":"https:\/\/ekonaut.org\/en\/wp-json\/wp\/v2\/posts\/16360","targetHints":{"allow":["GET"]}}],"collection":[{"href":"https:\/\/ekonaut.org\/en\/wp-json\/wp\/v2\/posts"}],"about":[{"href":"https:\/\/ekonaut.org\/en\/wp-json\/wp\/v2\/types\/post"}],"author":[{"embeddable":true,"href":"https:\/\/ekonaut.org\/en\/wp-json\/wp\/v2\/users\/1"}],"replies":[{"embeddable":true,"href":"https:\/\/ekonaut.org\/en\/wp-json\/wp\/v2\/comments?post=16360"}],"version-history":[{"count":4,"href":"https:\/\/ekonaut.org\/en\/wp-json\/wp\/v2\/posts\/16360\/revisions"}],"predecessor-version":[{"id":16501,"href":"https:\/\/ekonaut.org\/en\/wp-json\/wp\/v2\/posts\/16360\/revisions\/16501"}],"wp:featuredmedia":[{"embeddable":true,"href":"https:\/\/ekonaut.org\/en\/wp-json\/wp\/v2\/media\/16361"}],"wp:attachment":[{"href":"https:\/\/ekonaut.org\/en\/wp-json\/wp\/v2\/media?parent=16360"}],"wp:term":[{"taxonomy":"category","embeddable":true,"href":"https:\/\/ekonaut.org\/en\/wp-json\/wp\/v2\/categories?post=16360"},{"taxonomy":"post_tag","embeddable":true,"href":"https:\/\/ekonaut.org\/en\/wp-json\/wp\/v2\/tags?post=16360"}],"curies":[{"name":"wp","href":"https:\/\/api.w.org\/{rel}","templated":true}]}}