{"id":15721,"date":"2022-05-20T23:09:26","date_gmt":"2022-05-20T23:09:26","guid":{"rendered":"https:\/\/ekonaut.org\/?p=15721"},"modified":"2022-06-03T08:35:31","modified_gmt":"2022-06-03T08:35:31","slug":"konkurs-za-lokalne-zajednice-u-beogradu-i-novom-saduplanirajmo-zelene-povrsine-zajedno","status":"publish","type":"post","link":"https:\/\/ekonaut.org\/en\/konkurs-za-lokalne-zajednice-u-beogradu-i-novom-saduplanirajmo-zelene-povrsine-zajedno\/","title":{"rendered":"Public call for local communities in Belgrade and Novi Sad \"Let's plan green areas together\""},"content":{"rendered":"<p>Ekonaut and&nbsp;<a href=\"https:\/\/sr.placemakingweb.org\/\">Placemaking Western Balkans<\/a>&nbsp;are announcing an open call to associations and informal groups of citizens active in the fields of protection and development of green areas, advocacy of green areas and improvement of space in the local community.<\/p>\n\n\n\n<p>If you are a formal or informal group of citizens from Belgrade and Novi Sad who gathered to improve their environment or preserve green areas in their area, we invite you to respond to this public call to create ideas for green areas that you want to improve and protect from investor urbanism.&nbsp;<\/p>\n\n\n\n<p>Through this process, the local community gains an exchange of knowledge with experts in the field of participatory design and landscaping. Depending on the number and quality of applications, we will select at least two local communities with which we will first go through the survey process to research the needs in the green area they choose. When the results of the survey are collected, together with the association or informal group, we organize a \"placemaking\" workshop on the premises, according to the methodology developed by arch. Milena Ivkovi\u0107 from PWB. The aim of the workshop is to define the elements of the conceptual design of green space that is important for the local community. In accordance with the results of the workshop, our team will develop a conceptual solution as a visualization of the needs and desires of the local community in the selected area.<\/p>\n\n\n\n<p>The conceptual solution that will be the product of these workshops as well as the whole process of participatory design will contribute to making your association or informal group more visible both in the local community and with decision makers. This method is an activity that contributes to the revitalization of public spaces with the participation of citizens. At this stage, UG Ekonaut and PWB do not support the local community with material resources in the construction of the area, but together we are working on drafting a conceptual solution for the areas in question.&nbsp;<\/p>\n\n\n<div class=\"wp-block-image\">\n<figure class=\"aligncenter size-full\"><img fetchpriority=\"high\" decoding=\"async\" width=\"1024\" height=\"536\" src=\"https:\/\/ekonaut.org\/wp-content\/uploads\/2022\/05\/planirajmo-zelene-povrsine-zajedno.jpg\" alt=\"\" class=\"wp-image-15722\" srcset=\"https:\/\/ekonaut.org\/wp-content\/uploads\/2022\/05\/planirajmo-zelene-povrsine-zajedno.jpg 1024w, https:\/\/ekonaut.org\/wp-content\/uploads\/2022\/05\/planirajmo-zelene-povrsine-zajedno-300x157.jpg 300w, https:\/\/ekonaut.org\/wp-content\/uploads\/2022\/05\/planirajmo-zelene-povrsine-zajedno-768x402.jpg 768w, https:\/\/ekonaut.org\/wp-content\/uploads\/2022\/05\/planirajmo-zelene-povrsine-zajedno-18x9.jpg 18w, https:\/\/ekonaut.org\/wp-content\/uploads\/2022\/05\/planirajmo-zelene-povrsine-zajedno-750x393.jpg 750w\" sizes=\"(max-width: 1024px) 100vw, 1024px\" \/><figcaption>Click on the poster to start application process<\/figcaption><\/figure>\n<\/div>\n\n\n<p>Application requirements for informal groups and associations of citizens:<\/p>\n\n\n\n<ul class=\"wp-block-list\"><li>The group or association gathers and exists for at least a year and has at least 10 active members&nbsp;<\/li><li>The group has implemented activities in its local community: e.g. organizing in order to improve and protect green areas, organizing local cleaning actions, collecting signatures to solve a local problem or any initiative that contributes to the quality of life through the use of public space&nbsp;<\/li><li>The subject area you want us to work on together is in the public domain.<\/li><\/ul>\n\n\n\n<p><strong>The application is done exclusively by filling in the online<\/strong>&nbsp;<strong><a href=\"https:\/\/forms.gle\/LJff1YcmBMucCwfE8\">FORM<\/a><\/strong><\/p>\n\n\n\n<p><strong>The public call is open until May 20, and the results will be published on June 1 on the website of the association Ekonaut and PWB.<\/strong>&nbsp;<\/p>\n\n\n\n<p>Placemaking Western Balkans is a non-profit, non-governmental organization from Belgrade that promotes good design of public spaces using \"placemaking\" methods and tools. Ekonaut and PWB have been partners in the Garden Communities Initiative project since 2021 and have jointly organized two similar placemaking programs with local communities in Belgrade and Pancevo, where local green space planning has begun. In lower Dorcol, we cooperated with the association&nbsp;<a href=\"https:\/\/ekonaut.org\/en\/odrzana-radionica-kakav-park-zelimo-na-dorcol-park-festu\/\">\"Neighbors from Dorcol\"&nbsp;<\/a>in September 2021, dealing with the space on the corner of Herceg Stjepan and Mihizova, where together we advocate turning an abandoned area into a local park. In April this year, we cooperated with the informal group&nbsp;<a href=\"https:\/\/www.odbranimoteslu.info\/\">\"Let's Defend Tesla\"<\/a>&nbsp;from the \"Nikola Tesla\" neighbourhood in Pancevo on the design of four green areas, between residential buildings, which local authorities and investors want to turn into construction land.<\/p>\n\n\n\n<p><\/p>\n\n\n\n<div class=\"wp-block-columns are-vertically-aligned-center is-layout-flex wp-container-core-columns-is-layout-9d6595d7 wp-block-columns-is-layout-flex\">\n<div class=\"wp-block-column is-layout-flow wp-block-column-is-layout-flow\">\n<figure class=\"wp-block-image size-full is-resized\"><img decoding=\"async\" src=\"https:\/\/ekonaut.org\/wp-content\/uploads\/2022\/05\/viber_image_2022-04-09_19-03-31-291.jpg\" alt=\"\" class=\"wp-image-15723\" width=\"300\" height=\"200\" srcset=\"https:\/\/ekonaut.org\/wp-content\/uploads\/2022\/05\/viber_image_2022-04-09_19-03-31-291.jpg 400w, https:\/\/ekonaut.org\/wp-content\/uploads\/2022\/05\/viber_image_2022-04-09_19-03-31-291-300x200.jpg 300w, https:\/\/ekonaut.org\/wp-content\/uploads\/2022\/05\/viber_image_2022-04-09_19-03-31-291-18x12.jpg 18w\" sizes=\"(max-width: 300px) 100vw, 300px\" \/><\/figure>\n<\/div>\n\n\n\n<div class=\"wp-block-column is-layout-flow wp-block-column-is-layout-flow\">\n<figure class=\"wp-block-image size-full is-resized\"><img decoding=\"async\" src=\"https:\/\/ekonaut.org\/wp-content\/uploads\/2022\/05\/viber_image_2022-04-09_19-03-31-362.jpg\" alt=\"\" class=\"wp-image-15724\" width=\"300\" height=\"200\" srcset=\"https:\/\/ekonaut.org\/wp-content\/uploads\/2022\/05\/viber_image_2022-04-09_19-03-31-362.jpg 400w, https:\/\/ekonaut.org\/wp-content\/uploads\/2022\/05\/viber_image_2022-04-09_19-03-31-362-300x200.jpg 300w, https:\/\/ekonaut.org\/wp-content\/uploads\/2022\/05\/viber_image_2022-04-09_19-03-31-362-18x12.jpg 18w\" sizes=\"(max-width: 300px) 100vw, 300px\" \/><\/figure>\n<\/div>\n\n\n\n<div class=\"wp-block-column is-layout-flow wp-block-column-is-layout-flow\">\n<figure class=\"wp-block-image size-full is-resized\"><img loading=\"lazy\" decoding=\"async\" src=\"https:\/\/ekonaut.org\/wp-content\/uploads\/2022\/05\/viber_image_2022-04-09_19-03-31-850.jpg\" alt=\"\" class=\"wp-image-15725\" width=\"300\" height=\"200\" srcset=\"https:\/\/ekonaut.org\/wp-content\/uploads\/2022\/05\/viber_image_2022-04-09_19-03-31-850.jpg 400w, https:\/\/ekonaut.org\/wp-content\/uploads\/2022\/05\/viber_image_2022-04-09_19-03-31-850-300x200.jpg 300w, https:\/\/ekonaut.org\/wp-content\/uploads\/2022\/05\/viber_image_2022-04-09_19-03-31-850-18x12.jpg 18w\" sizes=\"(max-width: 300px) 100vw, 300px\" \/><\/figure>\n<\/div>\n<\/div>\n\n\n<div class=\"wp-block-image\">\n<figure class=\"aligncenter size-large is-resized\"><img loading=\"lazy\" decoding=\"async\" src=\"https:\/\/ekonaut.org\/wp-content\/uploads\/2022\/05\/viber_image_2022-04-09_19-04-11-378-1024x680.jpg\" alt=\"\" class=\"wp-image-15726\" width=\"1033\" height=\"686\" srcset=\"https:\/\/ekonaut.org\/wp-content\/uploads\/2022\/05\/viber_image_2022-04-09_19-04-11-378-1024x680.jpg 1024w, https:\/\/ekonaut.org\/wp-content\/uploads\/2022\/05\/viber_image_2022-04-09_19-04-11-378-300x199.jpg 300w, https:\/\/ekonaut.org\/wp-content\/uploads\/2022\/05\/viber_image_2022-04-09_19-04-11-378-768x510.jpg 768w, https:\/\/ekonaut.org\/wp-content\/uploads\/2022\/05\/viber_image_2022-04-09_19-04-11-378-18x12.jpg 18w, https:\/\/ekonaut.org\/wp-content\/uploads\/2022\/05\/viber_image_2022-04-09_19-04-11-378-750x498.jpg 750w, https:\/\/ekonaut.org\/wp-content\/uploads\/2022\/05\/viber_image_2022-04-09_19-04-11-378-1140x757.jpg 1140w, https:\/\/ekonaut.org\/wp-content\/uploads\/2022\/05\/viber_image_2022-04-09_19-04-11-378.jpg 1350w\" sizes=\"(max-width: 1033px) 100vw, 1033px\" \/><figcaption>Participatory space planning workshop in the \"Nikola Tesla\" neighbourhood in Pancevo, April 2022<\/figcaption><\/figure>\n<\/div>\n\n\n<p><strong>Placemaking<\/strong>&nbsp;is an approach to urban design that involves citizens in designing spaces in their environment, taking into account their different economic, environmental and social characteristics in order to obtain the best possible solutions for planning, development and reconstruction of cities. This process of designing a space that involves local communities, gives participants the opportunity to express their own needs and ideas related to the places they use every day such as parks, squares, neighborhoods, streets and playgrounds.<\/p>\n\n\n\n<p><em>The project&nbsp;<\/em><a href=\"https:\/\/ekonaut.org\/en\/ekonaut-pokrece-inicijativu-za-bastenske-zajednice\/\">\"Initiative for urban garden communities\"<\/a><em>&nbsp;is implemented as part of the \"Green Incubator\" project of the Belgrade Open School, with the financial support of the European Union and the Friedrich Ebert Foundation. The activities of the \"Initiative for urban garden communities\" are also supported by the Open Society Foundation and the creative hub Nova Iskra.<\/em><\/p>\n\n\n\n<figure class=\"wp-block-image size-full is-resized\"><img loading=\"lazy\" decoding=\"async\" src=\"https:\/\/ekonaut.org\/wp-content\/uploads\/2022\/04\/EUzaTebe_text-1.png\" alt=\"\" class=\"wp-image-15355\" width=\"152\" height=\"78\" srcset=\"https:\/\/ekonaut.org\/wp-content\/uploads\/2022\/04\/EUzaTebe_text-1.png 506w, https:\/\/ekonaut.org\/wp-content\/uploads\/2022\/04\/EUzaTebe_text-1-300x154.png 300w, https:\/\/ekonaut.org\/wp-content\/uploads\/2022\/04\/EUzaTebe_text-1-18x9.png 18w\" sizes=\"(max-width: 152px) 100vw, 152px\" \/><\/figure>","protected":false},"excerpt":{"rendered":"<p>Ekonaut i&nbsp;Placemaking Western Balkans&nbsp;ogla\u0161avaju otvoreni poziv udru\u017eenjima i neformalnim grupama gra\u0111ana aktivnim u oblastima za\u0161tite i razvoja zelenih pov\u0161ina, zagovaranja zelenih povr\u0161ina i unapre\u0111enju prostora u lokalnoj zajednici. Ukoliko ste formalna ili nefomalna grupa gra\u0111ana iz Beograda i Novog Sada koja se okupila da bi oplemenila svoje okru\u017eenje ili sa\u010duvala zelene povr\u0161ine u svom kraju, [&hellip;]<\/p>","protected":false},"author":1,"featured_media":15722,"comment_status":"closed","ping_status":"closed","sticky":false,"template":"","format":"standard","meta":{"jnews-multi-image_gallery":[],"jnews_single_post":{"subtitle":"","format":"standard","video":"","gallery":"","source_name":"","source_url":"","via_name":"","via_url":"","override_template":"0","override":[{"template":"3","single_blog_custom":"","parallax":"1","fullscreen":"1","layout":"right-sidebar","sidebar":"default-sidebar","second_sidebar":"default-sidebar","sticky_sidebar":"1","share_position":"top","share_float_style":"share-monocrhome","show_share_counter":"0","show_view_counter":"0","show_featured":"1","show_post_meta":"0","show_post_author":"1","show_post_author_image":"1","show_post_date":"1","post_date_format":"default","post_date_format_custom":"Y\/m\/d","show_post_category":"1","show_post_reading_time":"0","post_reading_time_wpm":"300","show_zoom_button":"0","zoom_button_out_step":"2","zoom_button_in_step":"3","show_post_tag":"1","show_prev_next_post":"0","show_popup_post":"1","number_popup_post":"1","show_author_box":"0","show_post_related":"0","show_inline_post_related":"0"}],"override_image_size":"0","image_override":[{"single_post_thumbnail_size":"crop-500","single_post_gallery_size":"crop-500"}],"trending_post":"0","trending_post_position":"meta","trending_post_label":"Trending","sponsored_post":"0","sponsored_post_label":"Sponsored by","sponsored_post_name":"","sponsored_post_url":"","sponsored_post_logo_enable":"0","sponsored_post_logo":"","sponsored_post_desc":"","disable_ad":"0"},"jnews_primary_category":{"id":""},"jnews_social_meta":{"fb_title":"","fb_description":"","fb_image":"","twitter_title":"","twitter_description":"","twitter_image":""},"jnews_review":[],"enable_review":"0","type":"percentage","name":"","summary":"","brand":"","sku":"","good":[{"good_text":""}],"bad":[{"bad_text":""}],"score_override":"","override_value":"","rating":[{"rating_text":"","rating_number":"10"}],"price":[{"shop":"","price":"","link":"","icon":""}],"jnews_override_counter":{"override_view_counter":"0","view_counter_number":"0","override_share_counter":"0","share_counter_number":"0","override_like_counter":"0","like_counter_number":"0","override_dislike_counter":"0","dislike_counter_number":"0"},"jnews_post_split":{"enable_post_split":"0","post_split":[{"template":"1","tag":"h2","numbering":"asc","mode":"normal","first":"0","enable_toc":"0","toc_type":"normal"}]},"footnotes":""},"categories":[44],"tags":[],"class_list":["post-15721","post","type-post","status-publish","format-standard","has-post-thumbnail","hentry","category-vesti"],"yoast_head":"<!-- This site is optimized with the Yoast SEO plugin v27.5 - https:\/\/yoast.com\/product\/yoast-seo-wordpress\/ -->\n<title>Konkurs za lokalne zajednice u Beogradu i Novom Sadu&quot;Planirajmo zelene povr\u0161ine zajedno&quot; - Priroda u gradu<\/title>\n<meta name=\"robots\" content=\"index, follow, max-snippet:-1, max-image-preview:large, max-video-preview:-1\" \/>\n<link rel=\"canonical\" href=\"https:\/\/ekonaut.org\/en\/konkurs-za-lokalne-zajednice-u-beogradu-i-novom-saduplanirajmo-zelene-povrsine-zajedno\/\" \/>\n<meta property=\"og:locale\" content=\"en_GB\" \/>\n<meta property=\"og:type\" content=\"article\" \/>\n<meta property=\"og:title\" content=\"Konkurs za lokalne zajednice u Beogradu i Novom Sadu&quot;Planirajmo zelene povr\u0161ine zajedno&quot; - Priroda u gradu\" \/>\n<meta property=\"og:description\" content=\"Ekonaut i&nbsp;Placemaking Western Balkans&nbsp;ogla\u0161avaju otvoreni poziv udru\u017eenjima i neformalnim grupama gra\u0111ana aktivnim u oblastima za\u0161tite i razvoja zelenih pov\u0161ina, zagovaranja zelenih povr\u0161ina i unapre\u0111enju prostora u lokalnoj zajednici. Ukoliko ste formalna ili nefomalna grupa gra\u0111ana iz Beograda i Novog Sada koja se okupila da bi oplemenila svoje okru\u017eenje ili sa\u010duvala zelene povr\u0161ine u svom kraju, [&hellip;]\" \/>\n<meta property=\"og:url\" content=\"https:\/\/ekonaut.org\/en\/konkurs-za-lokalne-zajednice-u-beogradu-i-novom-saduplanirajmo-zelene-povrsine-zajedno\/\" \/>\n<meta property=\"og:site_name\" content=\"Priroda u gradu\" \/>\n<meta property=\"article:publisher\" content=\"https:\/\/www.facebook.com\/ekonaut.serbia\/\" \/>\n<meta property=\"article:published_time\" content=\"2022-05-20T23:09:26+00:00\" \/>\n<meta property=\"article:modified_time\" content=\"2022-06-03T08:35:31+00:00\" \/>\n<meta property=\"og:image\" content=\"https:\/\/ekonaut.org\/wp-content\/uploads\/2022\/05\/planirajmo-zelene-povrsine-zajedno.jpg\" \/>\n\t<meta property=\"og:image:width\" content=\"1024\" \/>\n\t<meta property=\"og:image:height\" content=\"536\" \/>\n\t<meta property=\"og:image:type\" content=\"image\/jpeg\" \/>\n<meta name=\"author\" content=\"admin\" \/>\n<meta name=\"twitter:card\" content=\"summary_large_image\" \/>\n<meta name=\"twitter:label1\" content=\"Written by\" \/>\n\t<meta name=\"twitter:data1\" content=\"admin\" \/>\n\t<meta name=\"twitter:label2\" content=\"Estimated reading time\" \/>\n\t<meta name=\"twitter:data2\" content=\"4 minutes\" \/>\n<script type=\"application\/ld+json\" class=\"yoast-schema-graph\">{\"@context\":\"https:\\\/\\\/schema.org\",\"@graph\":[{\"@type\":\"Article\",\"@id\":\"https:\\\/\\\/ekonaut.org\\\/konkurs-za-lokalne-zajednice-u-beogradu-i-novom-saduplanirajmo-zelene-povrsine-zajedno\\\/#article\",\"isPartOf\":{\"@id\":\"https:\\\/\\\/ekonaut.org\\\/konkurs-za-lokalne-zajednice-u-beogradu-i-novom-saduplanirajmo-zelene-povrsine-zajedno\\\/\"},\"author\":{\"name\":\"admin\",\"@id\":\"https:\\\/\\\/ekonaut.org\\\/#\\\/schema\\\/person\\\/dd0c55c795264ed394034f47345f8154\"},\"headline\":\"Konkurs za lokalne zajednice u Beogradu i Novom Sadu&#8220;Planirajmo zelene povr\u0161ine zajedno&#8220;\",\"datePublished\":\"2022-05-20T23:09:26+00:00\",\"dateModified\":\"2022-06-03T08:35:31+00:00\",\"mainEntityOfPage\":{\"@id\":\"https:\\\/\\\/ekonaut.org\\\/konkurs-za-lokalne-zajednice-u-beogradu-i-novom-saduplanirajmo-zelene-povrsine-zajedno\\\/\"},\"wordCount\":747,\"publisher\":{\"@id\":\"https:\\\/\\\/ekonaut.org\\\/#organization\"},\"image\":{\"@id\":\"https:\\\/\\\/ekonaut.org\\\/konkurs-za-lokalne-zajednice-u-beogradu-i-novom-saduplanirajmo-zelene-povrsine-zajedno\\\/#primaryimage\"},\"thumbnailUrl\":\"https:\\\/\\\/ekonaut.org\\\/wp-content\\\/uploads\\\/2022\\\/05\\\/planirajmo-zelene-povrsine-zajedno.jpg\",\"articleSection\":[\"Vesti\"],\"inLanguage\":\"en-GB\"},{\"@type\":\"WebPage\",\"@id\":\"https:\\\/\\\/ekonaut.org\\\/konkurs-za-lokalne-zajednice-u-beogradu-i-novom-saduplanirajmo-zelene-povrsine-zajedno\\\/\",\"url\":\"https:\\\/\\\/ekonaut.org\\\/konkurs-za-lokalne-zajednice-u-beogradu-i-novom-saduplanirajmo-zelene-povrsine-zajedno\\\/\",\"name\":\"Konkurs za lokalne zajednice u Beogradu i Novom Sadu\\\"Planirajmo zelene povr\u0161ine zajedno\\\" - Priroda u gradu\",\"isPartOf\":{\"@id\":\"https:\\\/\\\/ekonaut.org\\\/#website\"},\"primaryImageOfPage\":{\"@id\":\"https:\\\/\\\/ekonaut.org\\\/konkurs-za-lokalne-zajednice-u-beogradu-i-novom-saduplanirajmo-zelene-povrsine-zajedno\\\/#primaryimage\"},\"image\":{\"@id\":\"https:\\\/\\\/ekonaut.org\\\/konkurs-za-lokalne-zajednice-u-beogradu-i-novom-saduplanirajmo-zelene-povrsine-zajedno\\\/#primaryimage\"},\"thumbnailUrl\":\"https:\\\/\\\/ekonaut.org\\\/wp-content\\\/uploads\\\/2022\\\/05\\\/planirajmo-zelene-povrsine-zajedno.jpg\",\"datePublished\":\"2022-05-20T23:09:26+00:00\",\"dateModified\":\"2022-06-03T08:35:31+00:00\",\"breadcrumb\":{\"@id\":\"https:\\\/\\\/ekonaut.org\\\/konkurs-za-lokalne-zajednice-u-beogradu-i-novom-saduplanirajmo-zelene-povrsine-zajedno\\\/#breadcrumb\"},\"inLanguage\":\"en-GB\",\"potentialAction\":[{\"@type\":\"ReadAction\",\"target\":[\"https:\\\/\\\/ekonaut.org\\\/konkurs-za-lokalne-zajednice-u-beogradu-i-novom-saduplanirajmo-zelene-povrsine-zajedno\\\/\"]}]},{\"@type\":\"ImageObject\",\"inLanguage\":\"en-GB\",\"@id\":\"https:\\\/\\\/ekonaut.org\\\/konkurs-za-lokalne-zajednice-u-beogradu-i-novom-saduplanirajmo-zelene-povrsine-zajedno\\\/#primaryimage\",\"url\":\"https:\\\/\\\/ekonaut.org\\\/wp-content\\\/uploads\\\/2022\\\/05\\\/planirajmo-zelene-povrsine-zajedno.jpg\",\"contentUrl\":\"https:\\\/\\\/ekonaut.org\\\/wp-content\\\/uploads\\\/2022\\\/05\\\/planirajmo-zelene-povrsine-zajedno.jpg\",\"width\":1024,\"height\":536},{\"@type\":\"BreadcrumbList\",\"@id\":\"https:\\\/\\\/ekonaut.org\\\/konkurs-za-lokalne-zajednice-u-beogradu-i-novom-saduplanirajmo-zelene-povrsine-zajedno\\\/#breadcrumb\",\"itemListElement\":[{\"@type\":\"ListItem\",\"position\":1,\"name\":\"Home\",\"item\":\"https:\\\/\\\/ekonaut.org\\\/\"},{\"@type\":\"ListItem\",\"position\":2,\"name\":\"Konkurs za lokalne zajednice u Beogradu i Novom Sadu&#8220;Planirajmo zelene povr\u0161ine zajedno&#8220;\"}]},{\"@type\":\"WebSite\",\"@id\":\"https:\\\/\\\/ekonaut.org\\\/#website\",\"url\":\"https:\\\/\\\/ekonaut.org\\\/\",\"name\":\"Priroda u gradu\",\"description\":\"Sa\u010duvajmo prirodu u gradu\",\"publisher\":{\"@id\":\"https:\\\/\\\/ekonaut.org\\\/#organization\"},\"potentialAction\":[{\"@type\":\"SearchAction\",\"target\":{\"@type\":\"EntryPoint\",\"urlTemplate\":\"https:\\\/\\\/ekonaut.org\\\/?s={search_term_string}\"},\"query-input\":{\"@type\":\"PropertyValueSpecification\",\"valueRequired\":true,\"valueName\":\"search_term_string\"}}],\"inLanguage\":\"en-GB\"},{\"@type\":\"Organization\",\"@id\":\"https:\\\/\\\/ekonaut.org\\\/#organization\",\"name\":\"Priroda u gradu\",\"url\":\"https:\\\/\\\/ekonaut.org\\\/\",\"logo\":{\"@type\":\"ImageObject\",\"inLanguage\":\"en-GB\",\"@id\":\"https:\\\/\\\/ekonaut.org\\\/#\\\/schema\\\/logo\\\/image\\\/\",\"url\":\"https:\\\/\\\/ekonaut.org\\\/wp-content\\\/uploads\\\/2022\\\/03\\\/Ekonaut-logo.webp\",\"contentUrl\":\"https:\\\/\\\/ekonaut.org\\\/wp-content\\\/uploads\\\/2022\\\/03\\\/Ekonaut-logo.webp\",\"width\":230,\"height\":53,\"caption\":\"Priroda u gradu\"},\"image\":{\"@id\":\"https:\\\/\\\/ekonaut.org\\\/#\\\/schema\\\/logo\\\/image\\\/\"},\"sameAs\":[\"https:\\\/\\\/www.facebook.com\\\/ekonaut.serbia\\\/\",\"https:\\\/\\\/www.instagram.com\\\/ekonaut.srb\\\/?hl=en\",\"https:\\\/\\\/www.pinterest.com\\\/ekonautzdravac\\\/\"]},{\"@type\":\"Person\",\"@id\":\"https:\\\/\\\/ekonaut.org\\\/#\\\/schema\\\/person\\\/dd0c55c795264ed394034f47345f8154\",\"name\":\"admin\",\"sameAs\":[\"http:\\\/\\\/ekonaut.org\"],\"url\":\"https:\\\/\\\/ekonaut.org\\\/en\\\/author\\\/admin\\\/\"}]}<\/script>\n<!-- \/ Yoast SEO plugin. -->","yoast_head_json":{"title":"Konkurs za lokalne zajednice u Beogradu i Novom Sadu\"Planirajmo zelene povr\u0161ine zajedno\" - Priroda u gradu","robots":{"index":"index","follow":"follow","max-snippet":"max-snippet:-1","max-image-preview":"max-image-preview:large","max-video-preview":"max-video-preview:-1"},"canonical":"https:\/\/ekonaut.org\/en\/konkurs-za-lokalne-zajednice-u-beogradu-i-novom-saduplanirajmo-zelene-povrsine-zajedno\/","og_locale":"en_GB","og_type":"article","og_title":"Konkurs za lokalne zajednice u Beogradu i Novom Sadu\"Planirajmo zelene povr\u0161ine zajedno\" - Priroda u gradu","og_description":"Ekonaut i&nbsp;Placemaking Western Balkans&nbsp;ogla\u0161avaju otvoreni poziv udru\u017eenjima i neformalnim grupama gra\u0111ana aktivnim u oblastima za\u0161tite i razvoja zelenih pov\u0161ina, zagovaranja zelenih povr\u0161ina i unapre\u0111enju prostora u lokalnoj zajednici. Ukoliko ste formalna ili nefomalna grupa gra\u0111ana iz Beograda i Novog Sada koja se okupila da bi oplemenila svoje okru\u017eenje ili sa\u010duvala zelene povr\u0161ine u svom kraju, [&hellip;]","og_url":"https:\/\/ekonaut.org\/en\/konkurs-za-lokalne-zajednice-u-beogradu-i-novom-saduplanirajmo-zelene-povrsine-zajedno\/","og_site_name":"Priroda u gradu","article_publisher":"https:\/\/www.facebook.com\/ekonaut.serbia\/","article_published_time":"2022-05-20T23:09:26+00:00","article_modified_time":"2022-06-03T08:35:31+00:00","og_image":[{"width":1024,"height":536,"url":"https:\/\/ekonaut.org\/wp-content\/uploads\/2022\/05\/planirajmo-zelene-povrsine-zajedno.jpg","type":"image\/jpeg"}],"author":"admin","twitter_card":"summary_large_image","twitter_misc":{"Written by":"admin","Estimated reading time":"4 minutes"},"schema":{"@context":"https:\/\/schema.org","@graph":[{"@type":"Article","@id":"https:\/\/ekonaut.org\/konkurs-za-lokalne-zajednice-u-beogradu-i-novom-saduplanirajmo-zelene-povrsine-zajedno\/#article","isPartOf":{"@id":"https:\/\/ekonaut.org\/konkurs-za-lokalne-zajednice-u-beogradu-i-novom-saduplanirajmo-zelene-povrsine-zajedno\/"},"author":{"name":"admin","@id":"https:\/\/ekonaut.org\/#\/schema\/person\/dd0c55c795264ed394034f47345f8154"},"headline":"Konkurs za lokalne zajednice u Beogradu i Novom Sadu&#8220;Planirajmo zelene povr\u0161ine zajedno&#8220;","datePublished":"2022-05-20T23:09:26+00:00","dateModified":"2022-06-03T08:35:31+00:00","mainEntityOfPage":{"@id":"https:\/\/ekonaut.org\/konkurs-za-lokalne-zajednice-u-beogradu-i-novom-saduplanirajmo-zelene-povrsine-zajedno\/"},"wordCount":747,"publisher":{"@id":"https:\/\/ekonaut.org\/#organization"},"image":{"@id":"https:\/\/ekonaut.org\/konkurs-za-lokalne-zajednice-u-beogradu-i-novom-saduplanirajmo-zelene-povrsine-zajedno\/#primaryimage"},"thumbnailUrl":"https:\/\/ekonaut.org\/wp-content\/uploads\/2022\/05\/planirajmo-zelene-povrsine-zajedno.jpg","articleSection":["Vesti"],"inLanguage":"en-GB"},{"@type":"WebPage","@id":"https:\/\/ekonaut.org\/konkurs-za-lokalne-zajednice-u-beogradu-i-novom-saduplanirajmo-zelene-povrsine-zajedno\/","url":"https:\/\/ekonaut.org\/konkurs-za-lokalne-zajednice-u-beogradu-i-novom-saduplanirajmo-zelene-povrsine-zajedno\/","name":"Konkurs za lokalne zajednice u Beogradu i Novom Sadu\"Planirajmo zelene povr\u0161ine zajedno\" - Priroda u gradu","isPartOf":{"@id":"https:\/\/ekonaut.org\/#website"},"primaryImageOfPage":{"@id":"https:\/\/ekonaut.org\/konkurs-za-lokalne-zajednice-u-beogradu-i-novom-saduplanirajmo-zelene-povrsine-zajedno\/#primaryimage"},"image":{"@id":"https:\/\/ekonaut.org\/konkurs-za-lokalne-zajednice-u-beogradu-i-novom-saduplanirajmo-zelene-povrsine-zajedno\/#primaryimage"},"thumbnailUrl":"https:\/\/ekonaut.org\/wp-content\/uploads\/2022\/05\/planirajmo-zelene-povrsine-zajedno.jpg","datePublished":"2022-05-20T23:09:26+00:00","dateModified":"2022-06-03T08:35:31+00:00","breadcrumb":{"@id":"https:\/\/ekonaut.org\/konkurs-za-lokalne-zajednice-u-beogradu-i-novom-saduplanirajmo-zelene-povrsine-zajedno\/#breadcrumb"},"inLanguage":"en-GB","potentialAction":[{"@type":"ReadAction","target":["https:\/\/ekonaut.org\/konkurs-za-lokalne-zajednice-u-beogradu-i-novom-saduplanirajmo-zelene-povrsine-zajedno\/"]}]},{"@type":"ImageObject","inLanguage":"en-GB","@id":"https:\/\/ekonaut.org\/konkurs-za-lokalne-zajednice-u-beogradu-i-novom-saduplanirajmo-zelene-povrsine-zajedno\/#primaryimage","url":"https:\/\/ekonaut.org\/wp-content\/uploads\/2022\/05\/planirajmo-zelene-povrsine-zajedno.jpg","contentUrl":"https:\/\/ekonaut.org\/wp-content\/uploads\/2022\/05\/planirajmo-zelene-povrsine-zajedno.jpg","width":1024,"height":536},{"@type":"BreadcrumbList","@id":"https:\/\/ekonaut.org\/konkurs-za-lokalne-zajednice-u-beogradu-i-novom-saduplanirajmo-zelene-povrsine-zajedno\/#breadcrumb","itemListElement":[{"@type":"ListItem","position":1,"name":"Home","item":"https:\/\/ekonaut.org\/"},{"@type":"ListItem","position":2,"name":"Konkurs za lokalne zajednice u Beogradu i Novom Sadu&#8220;Planirajmo zelene povr\u0161ine zajedno&#8220;"}]},{"@type":"WebSite","@id":"https:\/\/ekonaut.org\/#website","url":"https:\/\/ekonaut.org\/","name":"Priroda u gradu","description":"Sa\u010duvajmo prirodu u gradu","publisher":{"@id":"https:\/\/ekonaut.org\/#organization"},"potentialAction":[{"@type":"SearchAction","target":{"@type":"EntryPoint","urlTemplate":"https:\/\/ekonaut.org\/?s={search_term_string}"},"query-input":{"@type":"PropertyValueSpecification","valueRequired":true,"valueName":"search_term_string"}}],"inLanguage":"en-GB"},{"@type":"Organization","@id":"https:\/\/ekonaut.org\/#organization","name":"Priroda u gradu","url":"https:\/\/ekonaut.org\/","logo":{"@type":"ImageObject","inLanguage":"en-GB","@id":"https:\/\/ekonaut.org\/#\/schema\/logo\/image\/","url":"https:\/\/ekonaut.org\/wp-content\/uploads\/2022\/03\/Ekonaut-logo.webp","contentUrl":"https:\/\/ekonaut.org\/wp-content\/uploads\/2022\/03\/Ekonaut-logo.webp","width":230,"height":53,"caption":"Priroda u gradu"},"image":{"@id":"https:\/\/ekonaut.org\/#\/schema\/logo\/image\/"},"sameAs":["https:\/\/www.facebook.com\/ekonaut.serbia\/","https:\/\/www.instagram.com\/ekonaut.srb\/?hl=en","https:\/\/www.pinterest.com\/ekonautzdravac\/"]},{"@type":"Person","@id":"https:\/\/ekonaut.org\/#\/schema\/person\/dd0c55c795264ed394034f47345f8154","name":"admin","sameAs":["http:\/\/ekonaut.org"],"url":"https:\/\/ekonaut.org\/en\/author\/admin\/"}]}},"_links":{"self":[{"href":"https:\/\/ekonaut.org\/en\/wp-json\/wp\/v2\/posts\/15721","targetHints":{"allow":["GET"]}}],"collection":[{"href":"https:\/\/ekonaut.org\/en\/wp-json\/wp\/v2\/posts"}],"about":[{"href":"https:\/\/ekonaut.org\/en\/wp-json\/wp\/v2\/types\/post"}],"author":[{"embeddable":true,"href":"https:\/\/ekonaut.org\/en\/wp-json\/wp\/v2\/users\/1"}],"replies":[{"embeddable":true,"href":"https:\/\/ekonaut.org\/en\/wp-json\/wp\/v2\/comments?post=15721"}],"version-history":[{"count":3,"href":"https:\/\/ekonaut.org\/en\/wp-json\/wp\/v2\/posts\/15721\/revisions"}],"predecessor-version":[{"id":15904,"href":"https:\/\/ekonaut.org\/en\/wp-json\/wp\/v2\/posts\/15721\/revisions\/15904"}],"wp:featuredmedia":[{"embeddable":true,"href":"https:\/\/ekonaut.org\/en\/wp-json\/wp\/v2\/media\/15722"}],"wp:attachment":[{"href":"https:\/\/ekonaut.org\/en\/wp-json\/wp\/v2\/media?parent=15721"}],"wp:term":[{"taxonomy":"category","embeddable":true,"href":"https:\/\/ekonaut.org\/en\/wp-json\/wp\/v2\/categories?post=15721"},{"taxonomy":"post_tag","embeddable":true,"href":"https:\/\/ekonaut.org\/en\/wp-json\/wp\/v2\/tags?post=15721"}],"curies":[{"name":"wp","href":"https:\/\/api.w.org\/{rel}","templated":true}]}}