{"id":15675,"date":"2022-05-20T17:56:45","date_gmt":"2022-05-20T17:56:45","guid":{"rendered":"https:\/\/ekonaut.org\/?p=15675"},"modified":"2022-06-03T08:36:34","modified_gmt":"2022-06-03T08:36:34","slug":"prolecno-predavanje-i-radionica-kucni-vrt-u-aprilu-i-maju","status":"publish","type":"post","link":"https:\/\/ekonaut.org\/en\/prolecno-predavanje-i-radionica-kucni-vrt-u-aprilu-i-maju\/","title":{"rendered":"Spring lecture and workshop  \"Home garden\" in April and May"},"content":{"rendered":"<p>Previous years have raised numerous questions about how stressful the urban environment is and what we can do to make it healthier and make life in it be of better quality. Cities are becoming more populated, and the risks of many negative impacts of this kind of environment are increasing. A large number of people are leaving urban areas, but not everyone is able to afford to move to a healthier environment. What, then, can we do to make urban life at least a little closer to the laws of nature and sustainability? Is it possible to live healthier in an urban environment and produce food? How different is this production from conventional production and how creative can we be on the way to establishing green communities? All these questions have an answer in the \"green philosophy\" that teaches us to listen to nature, because it can provide much more than we can imagine.<\/p>\n\n\n\n<p>With the desire to apply this philosophy and make our environment healthier, we start the gardening season with a lecture and workshop \"Home Garden\". At the introductory online<em>&nbsp;<\/em>lecture on Wednesday, April 27, the basic steps in starting a small home garden will be presented by Ana Svilar, an environmental engineer. The live workshop on May 7 will provide participants with additional practical knowledge for setting up a small home garden with edible species. The condition for attending the live workshop is registration via&nbsp;<a href=\"https:\/\/forms.gle\/qfU3AbUi6VHUoXj9A\">the form&nbsp;<\/a>and attendance at the online lecture.<\/p>\n\n\n\n<figure class=\"wp-block-image size-full\"><img fetchpriority=\"high\" decoding=\"async\" width=\"1024\" height=\"536\" src=\"https:\/\/ekonaut.org\/wp-content\/uploads\/2022\/05\/Prolecno-predavanje-i-radionica.png\" alt=\"\" class=\"wp-image-15676\" srcset=\"https:\/\/ekonaut.org\/wp-content\/uploads\/2022\/05\/Prolecno-predavanje-i-radionica.png 1024w, https:\/\/ekonaut.org\/wp-content\/uploads\/2022\/05\/Prolecno-predavanje-i-radionica-300x157.png 300w, https:\/\/ekonaut.org\/wp-content\/uploads\/2022\/05\/Prolecno-predavanje-i-radionica-768x402.png 768w, https:\/\/ekonaut.org\/wp-content\/uploads\/2022\/05\/Prolecno-predavanje-i-radionica-18x9.png 18w, https:\/\/ekonaut.org\/wp-content\/uploads\/2022\/05\/Prolecno-predavanje-i-radionica-750x393.png 750w\" sizes=\"(max-width: 1024px) 100vw, 1024px\" \/><\/figure>\n\n\n\n<p>Ana Svilar, an activist and advocate of the green environment, completed her undergraduate and master's studies at the Faculty of Agriculture in Belgrade, where she earned the title of Environmental Engineer. She continued her professional training at the same faculty, in postgraduate studies in the field of strategic planning of Aquaculture. Since 2008, she has worked in companies, mainly in the position of development manager, and in 2014 she became a teacher at the Secondary Agricultural School in Valjevo. Since 2016, he has been providing professional support and assistance in the process of preparing documentation for development projects in the fields of agriculture and environmental protection.<\/p>\n\n\n\n<p>Through its activities, Ekonaut continues to advocate the formation of a system of urban garden communities, which is recognized in many cities as one of the tools for development and sustainable management of urban spaces, but also as a means to provide food sources at the local level and achieve microclimatic, social and economic benefits. Urban garden communities are open areas where individuals or groups grow plants of their choice. They exist in most European cities and have numerous socially useful purposes, such as physical and social rehabilitation, opportunities for work and employment of economically endangered sections of the population, animation of elderly citizens and enabling all generations to pursue healthy hobbies in horticulture, gardening and vegetables. Such places have both historical and cultural value and often become popular picnic areas with additional facilities and an accessible source of healthy food.<\/p>\n\n\n\n<p>You can see what the previous workshops and lectures organized by Ekonaut within the project \"Initiative for Urban Garden Communities\" on the topic of establishing ornamental and edible small gardens looked like on our YouTube channel below:<\/p>\n\n\n\n<figure class=\"wp-block-embed is-type-video is-provider-youtube wp-block-embed-youtube wp-embed-aspect-16-9 wp-has-aspect-ratio\"><div class=\"wp-block-embed__wrapper\">\n<div class=\"jeg_video_container jeg_video_content\"><iframe title=\"Radionica &quot;Ukrasni vrt za po\u010detnike&quot; - Marija Nikoli\u0107\" width=\"500\" height=\"281\" src=\"https:\/\/www.youtube.com\/embed\/oM5gYSZksQg?feature=oembed\" frameborder=\"0\" allow=\"accelerometer; autoplay; clipboard-write; encrypted-media; gyroscope; picture-in-picture; web-share\" referrerpolicy=\"strict-origin-when-cross-origin\" allowfullscreen><\/iframe><\/div>\n<\/div><\/figure>\n\n\n\n<figure class=\"wp-block-embed is-type-video is-provider-youtube wp-block-embed-youtube wp-embed-aspect-16-9 wp-has-aspect-ratio\"><div class=\"wp-block-embed__wrapper\">\n<div class=\"jeg_video_container jeg_video_content\"><iframe title=\"Radionica &quot;Organski vrt za po\u010detnike&quot; - Vladimir Milutinovi\u0107\" width=\"500\" height=\"281\" src=\"https:\/\/www.youtube.com\/embed\/f8HFghZa3M8?feature=oembed\" frameborder=\"0\" allow=\"accelerometer; autoplay; clipboard-write; encrypted-media; gyroscope; picture-in-picture; web-share\" referrerpolicy=\"strict-origin-when-cross-origin\" allowfullscreen><\/iframe><\/div>\n<\/div><\/figure>\n\n\n\n<figure class=\"wp-block-embed is-type-video is-provider-youtube wp-block-embed-youtube wp-embed-aspect-16-9 wp-has-aspect-ratio\"><div class=\"wp-block-embed__wrapper\">\n<div class=\"jeg_video_container jeg_video_content\"><iframe title=\"Predavanje &quot;Ukrasni vrt za po\u010detnike&quot; - Marija Nikoli\u0107\" width=\"500\" height=\"281\" src=\"https:\/\/www.youtube.com\/embed\/rPqR2TsOt9E?feature=oembed\" frameborder=\"0\" allow=\"accelerometer; autoplay; clipboard-write; encrypted-media; gyroscope; picture-in-picture; web-share\" referrerpolicy=\"strict-origin-when-cross-origin\" allowfullscreen><\/iframe><\/div>\n<\/div><\/figure>\n\n\n\n<figure class=\"wp-block-embed is-type-video is-provider-youtube wp-block-embed-youtube wp-embed-aspect-16-9 wp-has-aspect-ratio\"><div class=\"wp-block-embed__wrapper\">\n<div class=\"jeg_video_container jeg_video_content\"><iframe title=\"Predavanje &quot;Organski vrt za po\u010detnike&quot; - Vladimir Milutinovi\u0107\" width=\"500\" height=\"281\" src=\"https:\/\/www.youtube.com\/embed\/rwSKRdh0Fk0?feature=oembed\" frameborder=\"0\" allow=\"accelerometer; autoplay; clipboard-write; encrypted-media; gyroscope; picture-in-picture; web-share\" referrerpolicy=\"strict-origin-when-cross-origin\" allowfullscreen><\/iframe><\/div>\n<\/div><\/figure>\n\n\n\n<p>The project&nbsp;<a href=\"https:\/\/ekonaut.org\/en\/ekonaut-pokrece-inicijativu-za-bastenske-zajednice\/\">\"Initiative for urban garden communities\"<\/a>&nbsp;is implemented within the project of the Belgrade Open School \"Green Incubator\", with the financial support of the European Union and the Friedrich Ebert Foundation. The content of this page does not necessarily reflect the views of donors or the Belgrade Open School, and \"Ekonaut\" is solely responsible for it.<\/p>\n\n\n\n<p>The activities of the \"Initiative for Urban Garden Communities\" were supported by the Open Society Foundation and the creative hub Nova Iskra.&nbsp;<\/p>\n\n\n\n<figure class=\"wp-block-image size-full is-resized\"><img decoding=\"async\" src=\"https:\/\/ekonaut.org\/wp-content\/uploads\/2022\/04\/EUzaTebe_text-1.png\" alt=\"\" class=\"wp-image-15355\" width=\"143\" height=\"73\" srcset=\"https:\/\/ekonaut.org\/wp-content\/uploads\/2022\/04\/EUzaTebe_text-1.png 506w, https:\/\/ekonaut.org\/wp-content\/uploads\/2022\/04\/EUzaTebe_text-1-300x154.png 300w, https:\/\/ekonaut.org\/wp-content\/uploads\/2022\/04\/EUzaTebe_text-1-18x9.png 18w, https:\/\/ekonaut.org\/wp-content\/uploads\/2022\/04\/EUzaTebe_text-1-360x180.png 360w\" sizes=\"(max-width: 143px) 100vw, 143px\" \/><\/figure>","protected":false},"excerpt":{"rendered":"<p>Prethodne godine pokrenule su brojna pitanja o tome koliko je urbana sredina stresno okru\u017eenje i \u0161ta mo\u017eemo da uradimo da je u\u010dinimo zdravijom, a \u017eivot u njoj kvalitetnijim. Gradovi su sve naseljeniji, a rizici od mnogih negativnih uticaja ovakve sredine su sve ve\u0107i. Veliki broj ljudi napu\u0161ta urbana podru\u010dja, me\u0111utim nisu svi u prilici da [&hellip;]<\/p>","protected":false},"author":1,"featured_media":15676,"comment_status":"closed","ping_status":"closed","sticky":false,"template":"","format":"standard","meta":{"jnews-multi-image_gallery":[],"jnews_single_post":{"subtitle":"","format":"standard","video":"","gallery":"","source_name":"","source_url":"","via_name":"","via_url":"","override_template":"0","override":[{"template":"3","single_blog_custom":"","parallax":"1","fullscreen":"1","layout":"right-sidebar","sidebar":"default-sidebar","second_sidebar":"default-sidebar","sticky_sidebar":"1","share_position":"top","share_float_style":"share-monocrhome","show_share_counter":"0","show_view_counter":"0","show_featured":"1","show_post_meta":"0","show_post_author":"1","show_post_author_image":"1","show_post_date":"1","post_date_format":"default","post_date_format_custom":"Y\/m\/d","show_post_category":"1","show_post_reading_time":"0","post_reading_time_wpm":"300","show_zoom_button":"0","zoom_button_out_step":"2","zoom_button_in_step":"3","show_post_tag":"1","show_prev_next_post":"0","show_popup_post":"1","number_popup_post":"1","show_author_box":"0","show_post_related":"0","show_inline_post_related":"0"}],"override_image_size":"0","image_override":[{"single_post_thumbnail_size":"crop-500","single_post_gallery_size":"crop-500"}],"trending_post":"0","trending_post_position":"meta","trending_post_label":"Trending","sponsored_post":"0","sponsored_post_label":"Sponsored by","sponsored_post_name":"","sponsored_post_url":"","sponsored_post_logo_enable":"0","sponsored_post_logo":"","sponsored_post_desc":"","disable_ad":"0"},"jnews_primary_category":{"id":""},"jnews_social_meta":{"fb_title":"","fb_description":"","fb_image":"","twitter_title":"","twitter_description":"","twitter_image":""},"jnews_review":[],"enable_review":"0","type":"percentage","name":"","summary":"","brand":"","sku":"","good":[{"good_text":""}],"bad":[{"bad_text":""}],"score_override":"","override_value":"","rating":[{"rating_text":"","rating_number":"10"}],"price":[{"shop":"","price":"","link":"","icon":""}],"jnews_override_counter":{"override_view_counter":"0","view_counter_number":"0","override_share_counter":"0","share_counter_number":"0","override_like_counter":"0","like_counter_number":"0","override_dislike_counter":"0","dislike_counter_number":"0"},"jnews_post_split":{"enable_post_split":"0","post_split":[{"template":"1","tag":"h2","numbering":"asc","mode":"normal","first":"0","enable_toc":"0","toc_type":"normal"}]},"footnotes":""},"categories":[44],"tags":[],"class_list":["post-15675","post","type-post","status-publish","format-standard","has-post-thumbnail","hentry","category-vesti"],"yoast_head":"<!-- This site is optimized with the Yoast SEO plugin v27.5 - https:\/\/yoast.com\/product\/yoast-seo-wordpress\/ -->\n<title>Prole\u0107no predavanje i radionica &quot;Ku\u0107ni vrt&quot; u aprilu i maju - Priroda u gradu<\/title>\n<meta name=\"robots\" content=\"index, follow, max-snippet:-1, max-image-preview:large, max-video-preview:-1\" \/>\n<link rel=\"canonical\" href=\"https:\/\/ekonaut.org\/en\/prolecno-predavanje-i-radionica-kucni-vrt-u-aprilu-i-maju\/\" \/>\n<meta property=\"og:locale\" content=\"en_GB\" \/>\n<meta property=\"og:type\" content=\"article\" \/>\n<meta property=\"og:title\" content=\"Prole\u0107no predavanje i radionica &quot;Ku\u0107ni vrt&quot; u aprilu i maju - Priroda u gradu\" \/>\n<meta property=\"og:description\" content=\"Prethodne godine pokrenule su brojna pitanja o tome koliko je urbana sredina stresno okru\u017eenje i \u0161ta mo\u017eemo da uradimo da je u\u010dinimo zdravijom, a \u017eivot u njoj kvalitetnijim. Gradovi su sve naseljeniji, a rizici od mnogih negativnih uticaja ovakve sredine su sve ve\u0107i. Veliki broj ljudi napu\u0161ta urbana podru\u010dja, me\u0111utim nisu svi u prilici da [&hellip;]\" \/>\n<meta property=\"og:url\" content=\"https:\/\/ekonaut.org\/en\/prolecno-predavanje-i-radionica-kucni-vrt-u-aprilu-i-maju\/\" \/>\n<meta property=\"og:site_name\" content=\"Priroda u gradu\" \/>\n<meta property=\"article:publisher\" content=\"https:\/\/www.facebook.com\/ekonaut.serbia\/\" \/>\n<meta property=\"article:published_time\" content=\"2022-05-20T17:56:45+00:00\" \/>\n<meta property=\"article:modified_time\" content=\"2022-06-03T08:36:34+00:00\" \/>\n<meta property=\"og:image\" content=\"https:\/\/ekonaut.org\/wp-content\/uploads\/2022\/05\/Prolecno-predavanje-i-radionica.png\" \/>\n\t<meta property=\"og:image:width\" content=\"1024\" \/>\n\t<meta property=\"og:image:height\" content=\"536\" \/>\n\t<meta property=\"og:image:type\" content=\"image\/png\" \/>\n<meta name=\"author\" content=\"admin\" \/>\n<meta name=\"twitter:card\" content=\"summary_large_image\" \/>\n<meta name=\"twitter:label1\" content=\"Written by\" \/>\n\t<meta name=\"twitter:data1\" content=\"admin\" \/>\n\t<meta name=\"twitter:label2\" content=\"Estimated reading time\" \/>\n\t<meta name=\"twitter:data2\" content=\"3 minutes\" \/>\n<script type=\"application\/ld+json\" class=\"yoast-schema-graph\">{\"@context\":\"https:\\\/\\\/schema.org\",\"@graph\":[{\"@type\":\"Article\",\"@id\":\"https:\\\/\\\/ekonaut.org\\\/prolecno-predavanje-i-radionica-kucni-vrt-u-aprilu-i-maju\\\/#article\",\"isPartOf\":{\"@id\":\"https:\\\/\\\/ekonaut.org\\\/prolecno-predavanje-i-radionica-kucni-vrt-u-aprilu-i-maju\\\/\"},\"author\":{\"name\":\"admin\",\"@id\":\"https:\\\/\\\/ekonaut.org\\\/#\\\/schema\\\/person\\\/dd0c55c795264ed394034f47345f8154\"},\"headline\":\"Prole\u0107no predavanje i radionica &#8222;Ku\u0107ni vrt&#8220; u aprilu i maju\",\"datePublished\":\"2022-05-20T17:56:45+00:00\",\"dateModified\":\"2022-06-03T08:36:34+00:00\",\"mainEntityOfPage\":{\"@id\":\"https:\\\/\\\/ekonaut.org\\\/prolecno-predavanje-i-radionica-kucni-vrt-u-aprilu-i-maju\\\/\"},\"wordCount\":655,\"publisher\":{\"@id\":\"https:\\\/\\\/ekonaut.org\\\/#organization\"},\"image\":{\"@id\":\"https:\\\/\\\/ekonaut.org\\\/prolecno-predavanje-i-radionica-kucni-vrt-u-aprilu-i-maju\\\/#primaryimage\"},\"thumbnailUrl\":\"https:\\\/\\\/ekonaut.org\\\/wp-content\\\/uploads\\\/2022\\\/05\\\/Prolecno-predavanje-i-radionica.png\",\"articleSection\":[\"Vesti\"],\"inLanguage\":\"en-GB\"},{\"@type\":\"WebPage\",\"@id\":\"https:\\\/\\\/ekonaut.org\\\/prolecno-predavanje-i-radionica-kucni-vrt-u-aprilu-i-maju\\\/\",\"url\":\"https:\\\/\\\/ekonaut.org\\\/prolecno-predavanje-i-radionica-kucni-vrt-u-aprilu-i-maju\\\/\",\"name\":\"Prole\u0107no predavanje i radionica \\\"Ku\u0107ni vrt\\\" u aprilu i maju - Priroda u gradu\",\"isPartOf\":{\"@id\":\"https:\\\/\\\/ekonaut.org\\\/#website\"},\"primaryImageOfPage\":{\"@id\":\"https:\\\/\\\/ekonaut.org\\\/prolecno-predavanje-i-radionica-kucni-vrt-u-aprilu-i-maju\\\/#primaryimage\"},\"image\":{\"@id\":\"https:\\\/\\\/ekonaut.org\\\/prolecno-predavanje-i-radionica-kucni-vrt-u-aprilu-i-maju\\\/#primaryimage\"},\"thumbnailUrl\":\"https:\\\/\\\/ekonaut.org\\\/wp-content\\\/uploads\\\/2022\\\/05\\\/Prolecno-predavanje-i-radionica.png\",\"datePublished\":\"2022-05-20T17:56:45+00:00\",\"dateModified\":\"2022-06-03T08:36:34+00:00\",\"breadcrumb\":{\"@id\":\"https:\\\/\\\/ekonaut.org\\\/prolecno-predavanje-i-radionica-kucni-vrt-u-aprilu-i-maju\\\/#breadcrumb\"},\"inLanguage\":\"en-GB\",\"potentialAction\":[{\"@type\":\"ReadAction\",\"target\":[\"https:\\\/\\\/ekonaut.org\\\/prolecno-predavanje-i-radionica-kucni-vrt-u-aprilu-i-maju\\\/\"]}]},{\"@type\":\"ImageObject\",\"inLanguage\":\"en-GB\",\"@id\":\"https:\\\/\\\/ekonaut.org\\\/prolecno-predavanje-i-radionica-kucni-vrt-u-aprilu-i-maju\\\/#primaryimage\",\"url\":\"https:\\\/\\\/ekonaut.org\\\/wp-content\\\/uploads\\\/2022\\\/05\\\/Prolecno-predavanje-i-radionica.png\",\"contentUrl\":\"https:\\\/\\\/ekonaut.org\\\/wp-content\\\/uploads\\\/2022\\\/05\\\/Prolecno-predavanje-i-radionica.png\",\"width\":1024,\"height\":536},{\"@type\":\"BreadcrumbList\",\"@id\":\"https:\\\/\\\/ekonaut.org\\\/prolecno-predavanje-i-radionica-kucni-vrt-u-aprilu-i-maju\\\/#breadcrumb\",\"itemListElement\":[{\"@type\":\"ListItem\",\"position\":1,\"name\":\"Home\",\"item\":\"https:\\\/\\\/ekonaut.org\\\/\"},{\"@type\":\"ListItem\",\"position\":2,\"name\":\"Prole\u0107no predavanje i radionica &#8220;Ku\u0107ni vrt&#8221; u aprilu i maju\"}]},{\"@type\":\"WebSite\",\"@id\":\"https:\\\/\\\/ekonaut.org\\\/#website\",\"url\":\"https:\\\/\\\/ekonaut.org\\\/\",\"name\":\"Priroda u gradu\",\"description\":\"Sa\u010duvajmo prirodu u gradu\",\"publisher\":{\"@id\":\"https:\\\/\\\/ekonaut.org\\\/#organization\"},\"potentialAction\":[{\"@type\":\"SearchAction\",\"target\":{\"@type\":\"EntryPoint\",\"urlTemplate\":\"https:\\\/\\\/ekonaut.org\\\/?s={search_term_string}\"},\"query-input\":{\"@type\":\"PropertyValueSpecification\",\"valueRequired\":true,\"valueName\":\"search_term_string\"}}],\"inLanguage\":\"en-GB\"},{\"@type\":\"Organization\",\"@id\":\"https:\\\/\\\/ekonaut.org\\\/#organization\",\"name\":\"Priroda u gradu\",\"url\":\"https:\\\/\\\/ekonaut.org\\\/\",\"logo\":{\"@type\":\"ImageObject\",\"inLanguage\":\"en-GB\",\"@id\":\"https:\\\/\\\/ekonaut.org\\\/#\\\/schema\\\/logo\\\/image\\\/\",\"url\":\"https:\\\/\\\/ekonaut.org\\\/wp-content\\\/uploads\\\/2022\\\/03\\\/Ekonaut-logo.webp\",\"contentUrl\":\"https:\\\/\\\/ekonaut.org\\\/wp-content\\\/uploads\\\/2022\\\/03\\\/Ekonaut-logo.webp\",\"width\":230,\"height\":53,\"caption\":\"Priroda u gradu\"},\"image\":{\"@id\":\"https:\\\/\\\/ekonaut.org\\\/#\\\/schema\\\/logo\\\/image\\\/\"},\"sameAs\":[\"https:\\\/\\\/www.facebook.com\\\/ekonaut.serbia\\\/\",\"https:\\\/\\\/www.instagram.com\\\/ekonaut.srb\\\/?hl=en\",\"https:\\\/\\\/www.pinterest.com\\\/ekonautzdravac\\\/\"]},{\"@type\":\"Person\",\"@id\":\"https:\\\/\\\/ekonaut.org\\\/#\\\/schema\\\/person\\\/dd0c55c795264ed394034f47345f8154\",\"name\":\"admin\",\"sameAs\":[\"http:\\\/\\\/ekonaut.org\"],\"url\":\"https:\\\/\\\/ekonaut.org\\\/en\\\/author\\\/admin\\\/\"}]}<\/script>\n<!-- \/ Yoast SEO plugin. -->","yoast_head_json":{"title":"Prole\u0107no predavanje i radionica \"Ku\u0107ni vrt\" u aprilu i maju - Priroda u gradu","robots":{"index":"index","follow":"follow","max-snippet":"max-snippet:-1","max-image-preview":"max-image-preview:large","max-video-preview":"max-video-preview:-1"},"canonical":"https:\/\/ekonaut.org\/en\/prolecno-predavanje-i-radionica-kucni-vrt-u-aprilu-i-maju\/","og_locale":"en_GB","og_type":"article","og_title":"Prole\u0107no predavanje i radionica \"Ku\u0107ni vrt\" u aprilu i maju - Priroda u gradu","og_description":"Prethodne godine pokrenule su brojna pitanja o tome koliko je urbana sredina stresno okru\u017eenje i \u0161ta mo\u017eemo da uradimo da je u\u010dinimo zdravijom, a \u017eivot u njoj kvalitetnijim. Gradovi su sve naseljeniji, a rizici od mnogih negativnih uticaja ovakve sredine su sve ve\u0107i. Veliki broj ljudi napu\u0161ta urbana podru\u010dja, me\u0111utim nisu svi u prilici da [&hellip;]","og_url":"https:\/\/ekonaut.org\/en\/prolecno-predavanje-i-radionica-kucni-vrt-u-aprilu-i-maju\/","og_site_name":"Priroda u gradu","article_publisher":"https:\/\/www.facebook.com\/ekonaut.serbia\/","article_published_time":"2022-05-20T17:56:45+00:00","article_modified_time":"2022-06-03T08:36:34+00:00","og_image":[{"width":1024,"height":536,"url":"https:\/\/ekonaut.org\/wp-content\/uploads\/2022\/05\/Prolecno-predavanje-i-radionica.png","type":"image\/png"}],"author":"admin","twitter_card":"summary_large_image","twitter_misc":{"Written by":"admin","Estimated reading time":"3 minutes"},"schema":{"@context":"https:\/\/schema.org","@graph":[{"@type":"Article","@id":"https:\/\/ekonaut.org\/prolecno-predavanje-i-radionica-kucni-vrt-u-aprilu-i-maju\/#article","isPartOf":{"@id":"https:\/\/ekonaut.org\/prolecno-predavanje-i-radionica-kucni-vrt-u-aprilu-i-maju\/"},"author":{"name":"admin","@id":"https:\/\/ekonaut.org\/#\/schema\/person\/dd0c55c795264ed394034f47345f8154"},"headline":"Prole\u0107no predavanje i radionica &#8222;Ku\u0107ni vrt&#8220; u aprilu i maju","datePublished":"2022-05-20T17:56:45+00:00","dateModified":"2022-06-03T08:36:34+00:00","mainEntityOfPage":{"@id":"https:\/\/ekonaut.org\/prolecno-predavanje-i-radionica-kucni-vrt-u-aprilu-i-maju\/"},"wordCount":655,"publisher":{"@id":"https:\/\/ekonaut.org\/#organization"},"image":{"@id":"https:\/\/ekonaut.org\/prolecno-predavanje-i-radionica-kucni-vrt-u-aprilu-i-maju\/#primaryimage"},"thumbnailUrl":"https:\/\/ekonaut.org\/wp-content\/uploads\/2022\/05\/Prolecno-predavanje-i-radionica.png","articleSection":["Vesti"],"inLanguage":"en-GB"},{"@type":"WebPage","@id":"https:\/\/ekonaut.org\/prolecno-predavanje-i-radionica-kucni-vrt-u-aprilu-i-maju\/","url":"https:\/\/ekonaut.org\/prolecno-predavanje-i-radionica-kucni-vrt-u-aprilu-i-maju\/","name":"Prole\u0107no predavanje i radionica \"Ku\u0107ni vrt\" u aprilu i maju - Priroda u gradu","isPartOf":{"@id":"https:\/\/ekonaut.org\/#website"},"primaryImageOfPage":{"@id":"https:\/\/ekonaut.org\/prolecno-predavanje-i-radionica-kucni-vrt-u-aprilu-i-maju\/#primaryimage"},"image":{"@id":"https:\/\/ekonaut.org\/prolecno-predavanje-i-radionica-kucni-vrt-u-aprilu-i-maju\/#primaryimage"},"thumbnailUrl":"https:\/\/ekonaut.org\/wp-content\/uploads\/2022\/05\/Prolecno-predavanje-i-radionica.png","datePublished":"2022-05-20T17:56:45+00:00","dateModified":"2022-06-03T08:36:34+00:00","breadcrumb":{"@id":"https:\/\/ekonaut.org\/prolecno-predavanje-i-radionica-kucni-vrt-u-aprilu-i-maju\/#breadcrumb"},"inLanguage":"en-GB","potentialAction":[{"@type":"ReadAction","target":["https:\/\/ekonaut.org\/prolecno-predavanje-i-radionica-kucni-vrt-u-aprilu-i-maju\/"]}]},{"@type":"ImageObject","inLanguage":"en-GB","@id":"https:\/\/ekonaut.org\/prolecno-predavanje-i-radionica-kucni-vrt-u-aprilu-i-maju\/#primaryimage","url":"https:\/\/ekonaut.org\/wp-content\/uploads\/2022\/05\/Prolecno-predavanje-i-radionica.png","contentUrl":"https:\/\/ekonaut.org\/wp-content\/uploads\/2022\/05\/Prolecno-predavanje-i-radionica.png","width":1024,"height":536},{"@type":"BreadcrumbList","@id":"https:\/\/ekonaut.org\/prolecno-predavanje-i-radionica-kucni-vrt-u-aprilu-i-maju\/#breadcrumb","itemListElement":[{"@type":"ListItem","position":1,"name":"Home","item":"https:\/\/ekonaut.org\/"},{"@type":"ListItem","position":2,"name":"Prole\u0107no predavanje i radionica &#8220;Ku\u0107ni vrt&#8221; u aprilu i maju"}]},{"@type":"WebSite","@id":"https:\/\/ekonaut.org\/#website","url":"https:\/\/ekonaut.org\/","name":"Priroda u gradu","description":"Sa\u010duvajmo prirodu u gradu","publisher":{"@id":"https:\/\/ekonaut.org\/#organization"},"potentialAction":[{"@type":"SearchAction","target":{"@type":"EntryPoint","urlTemplate":"https:\/\/ekonaut.org\/?s={search_term_string}"},"query-input":{"@type":"PropertyValueSpecification","valueRequired":true,"valueName":"search_term_string"}}],"inLanguage":"en-GB"},{"@type":"Organization","@id":"https:\/\/ekonaut.org\/#organization","name":"Priroda u gradu","url":"https:\/\/ekonaut.org\/","logo":{"@type":"ImageObject","inLanguage":"en-GB","@id":"https:\/\/ekonaut.org\/#\/schema\/logo\/image\/","url":"https:\/\/ekonaut.org\/wp-content\/uploads\/2022\/03\/Ekonaut-logo.webp","contentUrl":"https:\/\/ekonaut.org\/wp-content\/uploads\/2022\/03\/Ekonaut-logo.webp","width":230,"height":53,"caption":"Priroda u gradu"},"image":{"@id":"https:\/\/ekonaut.org\/#\/schema\/logo\/image\/"},"sameAs":["https:\/\/www.facebook.com\/ekonaut.serbia\/","https:\/\/www.instagram.com\/ekonaut.srb\/?hl=en","https:\/\/www.pinterest.com\/ekonautzdravac\/"]},{"@type":"Person","@id":"https:\/\/ekonaut.org\/#\/schema\/person\/dd0c55c795264ed394034f47345f8154","name":"admin","sameAs":["http:\/\/ekonaut.org"],"url":"https:\/\/ekonaut.org\/en\/author\/admin\/"}]}},"_links":{"self":[{"href":"https:\/\/ekonaut.org\/en\/wp-json\/wp\/v2\/posts\/15675","targetHints":{"allow":["GET"]}}],"collection":[{"href":"https:\/\/ekonaut.org\/en\/wp-json\/wp\/v2\/posts"}],"about":[{"href":"https:\/\/ekonaut.org\/en\/wp-json\/wp\/v2\/types\/post"}],"author":[{"embeddable":true,"href":"https:\/\/ekonaut.org\/en\/wp-json\/wp\/v2\/users\/1"}],"replies":[{"embeddable":true,"href":"https:\/\/ekonaut.org\/en\/wp-json\/wp\/v2\/comments?post=15675"}],"version-history":[{"count":2,"href":"https:\/\/ekonaut.org\/en\/wp-json\/wp\/v2\/posts\/15675\/revisions"}],"predecessor-version":[{"id":15736,"href":"https:\/\/ekonaut.org\/en\/wp-json\/wp\/v2\/posts\/15675\/revisions\/15736"}],"wp:featuredmedia":[{"embeddable":true,"href":"https:\/\/ekonaut.org\/en\/wp-json\/wp\/v2\/media\/15676"}],"wp:attachment":[{"href":"https:\/\/ekonaut.org\/en\/wp-json\/wp\/v2\/media?parent=15675"}],"wp:term":[{"taxonomy":"category","embeddable":true,"href":"https:\/\/ekonaut.org\/en\/wp-json\/wp\/v2\/categories?post=15675"},{"taxonomy":"post_tag","embeddable":true,"href":"https:\/\/ekonaut.org\/en\/wp-json\/wp\/v2\/tags?post=15675"}],"curies":[{"name":"wp","href":"https:\/\/api.w.org\/{rel}","templated":true}]}}