{"id":15203,"date":"2022-03-21T09:45:24","date_gmt":"2022-03-21T09:45:24","guid":{"rendered":"https:\/\/ekonaut.org\/?p=15203"},"modified":"2022-05-21T14:16:44","modified_gmt":"2022-05-21T14:16:44","slug":"senzorni-vrt","status":"publish","type":"post","link":"https:\/\/ekonaut.org\/en\/senzorni-vrt\/","title":{"rendered":"Sensory garden"},"content":{"rendered":"<p>We are especially glad that we participated in the creation of the sensory garden that was opened in 2017 in the yard of the elementary school \"Radivoj Popovi\u0107\" in Zemun, the oldest Belgrade school for the education of children with hearing and speech impairments, disharmonious motor development and autism. It is a unique school yard that is a place of learning, recreation and therapy for the students of this school. We are extremely proud to have been part of the team that worked on designing and arranging this school yard so that it becomes a large garden, which is both educational and interactive. This green oasis and outdoor classroom is intended for performing parts of the school program, sensory-motor stimulation and relaxation of children through various teaching and extracurricular activities.<\/p>\n\n\n\n<figure class=\"wp-block-image size-large\"><img fetchpriority=\"high\" decoding=\"async\" width=\"1024\" height=\"576\" src=\"https:\/\/ekonaut.org\/wp-content\/uploads\/2022\/03\/Senzorni-vrt-2-1024x576.webp\" alt=\"\" class=\"wp-image-15204\" srcset=\"https:\/\/ekonaut.org\/wp-content\/uploads\/2022\/03\/Senzorni-vrt-2-1024x576.webp 1024w, https:\/\/ekonaut.org\/wp-content\/uploads\/2022\/03\/Senzorni-vrt-2-300x169.webp 300w, https:\/\/ekonaut.org\/wp-content\/uploads\/2022\/03\/Senzorni-vrt-2-768x432.webp 768w, https:\/\/ekonaut.org\/wp-content\/uploads\/2022\/03\/Senzorni-vrt-2-18x10.webp 18w, https:\/\/ekonaut.org\/wp-content\/uploads\/2022\/03\/Senzorni-vrt-2-750x422.webp 750w, https:\/\/ekonaut.org\/wp-content\/uploads\/2022\/03\/Senzorni-vrt-2-1140x641.webp 1140w, https:\/\/ekonaut.org\/wp-content\/uploads\/2022\/03\/Senzorni-vrt-2.webp 1280w\" sizes=\"(max-width: 1024px) 100vw, 1024px\" \/><\/figure>\n\n\n\n<p>As part of this project, which is carried out by the Belgrade Flower Festival and sponsored by the Ministry of Justice, Ekonaut has created a part of the garden with edible plants and herbs, as well as a corner that attracts butterflies and bees and thus nurtures local biodiversity. With the help of volunteers, our team organizes occasional work actions to maintain and further improve this school yard.<\/p>\n\n\n\n<figure class=\"wp-block-image size-large\"><img decoding=\"async\" width=\"1024\" height=\"576\" src=\"https:\/\/ekonaut.org\/wp-content\/uploads\/2022\/03\/Senzorni-vrt-3-1024x576.webp\" alt=\"\" class=\"wp-image-15206\" srcset=\"https:\/\/ekonaut.org\/wp-content\/uploads\/2022\/03\/Senzorni-vrt-3-1024x576.webp 1024w, https:\/\/ekonaut.org\/wp-content\/uploads\/2022\/03\/Senzorni-vrt-3-300x169.webp 300w, https:\/\/ekonaut.org\/wp-content\/uploads\/2022\/03\/Senzorni-vrt-3-768x432.webp 768w, https:\/\/ekonaut.org\/wp-content\/uploads\/2022\/03\/Senzorni-vrt-3-18x10.webp 18w, https:\/\/ekonaut.org\/wp-content\/uploads\/2022\/03\/Senzorni-vrt-3-750x422.webp 750w, https:\/\/ekonaut.org\/wp-content\/uploads\/2022\/03\/Senzorni-vrt-3-1140x641.webp 1140w, https:\/\/ekonaut.org\/wp-content\/uploads\/2022\/03\/Senzorni-vrt-3.webp 1280w\" sizes=\"(max-width: 1024px) 100vw, 1024px\" \/><\/figure>\n\n\n\n<p>Our wish is that as many schools in Serbia as possible get a garden like this, which with its interesting content encourages children to spend more time playing and learning outside.<\/p>","protected":false},"excerpt":{"rendered":"<p>Posebno nam je drago \u0161to smo u\u010destvovali u kreiranju senzornog vrta koji je otvoren 2017. godine u dvori\u0161tu O\u0160 \u201eRadivoj Popovi\u0107\u201c u Zemunu, najstarije beogradske \u0161kole za obrazovanje dece o\u0161te\u0107enog sluha i govora, disharmoni\u010dnog motornog razvoja i autizma. U pitanju je jedinstveno \u0161kolsko dvori\u0161te koje predstavlja mesto u\u010denja, rekreacije i terapije za \u0111ake ove \u0161kole. [&hellip;]<\/p>","protected":false},"author":1,"featured_media":15205,"comment_status":"closed","ping_status":"closed","sticky":false,"template":"","format":"standard","meta":{"jnews-multi-image_gallery":[],"jnews_single_post":{"subtitle":"","format":"standard","video":"","gallery":"","source_name":"","source_url":"","via_name":"","via_url":"","override_template":"0","override":[{"template":"1","single_blog_custom":"","parallax":"1","fullscreen":"1","layout":"right-sidebar","sidebar":"default-sidebar","second_sidebar":"default-sidebar","sticky_sidebar":"1","share_position":"top","share_float_style":"share-monocrhome","show_share_counter":"1","show_view_counter":"1","show_featured":"1","show_post_meta":"1","show_post_author":"1","show_post_author_image":"1","show_post_date":"1","post_date_format":"default","post_date_format_custom":"Y\/m\/d","show_post_category":"1","show_post_reading_time":"0","post_reading_time_wpm":"300","show_zoom_button":"0","zoom_button_out_step":"2","zoom_button_in_step":"3","show_post_tag":"1","show_prev_next_post":"1","show_popup_post":"1","number_popup_post":"1","show_author_box":"0","show_post_related":"0","show_inline_post_related":"0"}],"override_image_size":"0","image_override":[{"single_post_thumbnail_size":"crop-500","single_post_gallery_size":"crop-500"}],"trending_post":"0","trending_post_position":"meta","trending_post_label":"Trending","sponsored_post":"0","sponsored_post_label":"Sponsored by","sponsored_post_name":"","sponsored_post_url":"","sponsored_post_logo_enable":"0","sponsored_post_logo":"","sponsored_post_desc":"","disable_ad":"0"},"jnews_primary_category":{"id":""},"jnews_social_meta":{"fb_title":"","fb_description":"","fb_image":"","twitter_title":"","twitter_description":"","twitter_image":""},"jnews_review":[],"enable_review":"0","type":"percentage","name":"","summary":"","brand":"","sku":"","good":[{"good_text":""}],"bad":[{"bad_text":""}],"score_override":"","override_value":"","rating":[{"rating_text":"","rating_number":"10"}],"price":[{"shop":"","price":"","link":"","icon":""}],"jnews_override_counter":{"override_view_counter":"0","view_counter_number":"0","override_share_counter":"0","share_counter_number":"0","override_like_counter":"0","like_counter_number":"0","override_dislike_counter":"0","dislike_counter_number":"0"},"jnews_post_split":{"enable_post_split":"0","post_split":[{"template":"1","tag":"h2","numbering":"asc","mode":"normal","first":"0","enable_toc":"0","toc_type":"normal"}]},"footnotes":""},"categories":[200],"tags":[],"class_list":["post-15203","post","type-post","status-publish","format-standard","has-post-thumbnail","hentry","category-projekti"],"yoast_head":"<!-- This site is optimized with the Yoast SEO plugin v27.5 - https:\/\/yoast.com\/product\/yoast-seo-wordpress\/ -->\n<title>Senzorni vrt - Priroda u gradu<\/title>\n<meta name=\"robots\" content=\"index, follow, max-snippet:-1, max-image-preview:large, max-video-preview:-1\" \/>\n<link rel=\"canonical\" href=\"https:\/\/ekonaut.org\/en\/senzorni-vrt\/\" \/>\n<meta property=\"og:locale\" content=\"en_GB\" \/>\n<meta property=\"og:type\" content=\"article\" \/>\n<meta property=\"og:title\" content=\"Senzorni vrt - Priroda u gradu\" \/>\n<meta property=\"og:description\" content=\"Posebno nam je drago \u0161to smo u\u010destvovali u kreiranju senzornog vrta koji je otvoren 2017. godine u dvori\u0161tu O\u0160 \u201eRadivoj Popovi\u0107\u201c u Zemunu, najstarije beogradske \u0161kole za obrazovanje dece o\u0161te\u0107enog sluha i govora, disharmoni\u010dnog motornog razvoja i autizma. U pitanju je jedinstveno \u0161kolsko dvori\u0161te koje predstavlja mesto u\u010denja, rekreacije i terapije za \u0111ake ove \u0161kole. [&hellip;]\" \/>\n<meta property=\"og:url\" content=\"https:\/\/ekonaut.org\/en\/senzorni-vrt\/\" \/>\n<meta property=\"og:site_name\" content=\"Priroda u gradu\" \/>\n<meta property=\"article:publisher\" content=\"https:\/\/www.facebook.com\/ekonaut.serbia\/\" \/>\n<meta property=\"article:published_time\" content=\"2022-03-21T09:45:24+00:00\" \/>\n<meta property=\"article:modified_time\" content=\"2022-05-21T14:16:44+00:00\" \/>\n<meta property=\"og:image\" content=\"https:\/\/ekonaut.org\/wp-content\/uploads\/2022\/03\/Senzorni-vrt-1.webp\" \/>\n\t<meta property=\"og:image:width\" content=\"1280\" \/>\n\t<meta property=\"og:image:height\" content=\"720\" \/>\n\t<meta property=\"og:image:type\" content=\"image\/webp\" \/>\n<meta name=\"author\" content=\"admin\" \/>\n<meta name=\"twitter:card\" content=\"summary_large_image\" \/>\n<meta name=\"twitter:label1\" content=\"Written by\" \/>\n\t<meta name=\"twitter:data1\" content=\"admin\" \/>\n\t<meta name=\"twitter:label2\" content=\"Estimated reading time\" \/>\n\t<meta name=\"twitter:data2\" content=\"1 minute\" \/>\n<script type=\"application\/ld+json\" class=\"yoast-schema-graph\">{\"@context\":\"https:\\\/\\\/schema.org\",\"@graph\":[{\"@type\":\"Article\",\"@id\":\"https:\\\/\\\/ekonaut.org\\\/senzorni-vrt\\\/#article\",\"isPartOf\":{\"@id\":\"https:\\\/\\\/ekonaut.org\\\/senzorni-vrt\\\/\"},\"author\":{\"name\":\"admin\",\"@id\":\"https:\\\/\\\/ekonaut.org\\\/#\\\/schema\\\/person\\\/dd0c55c795264ed394034f47345f8154\"},\"headline\":\"Senzorni vrt\",\"datePublished\":\"2022-03-21T09:45:24+00:00\",\"dateModified\":\"2022-05-21T14:16:44+00:00\",\"mainEntityOfPage\":{\"@id\":\"https:\\\/\\\/ekonaut.org\\\/senzorni-vrt\\\/\"},\"wordCount\":224,\"publisher\":{\"@id\":\"https:\\\/\\\/ekonaut.org\\\/#organization\"},\"image\":{\"@id\":\"https:\\\/\\\/ekonaut.org\\\/senzorni-vrt\\\/#primaryimage\"},\"thumbnailUrl\":\"https:\\\/\\\/ekonaut.org\\\/wp-content\\\/uploads\\\/2022\\\/03\\\/Senzorni-vrt-1.webp\",\"articleSection\":[\"Projekti\"],\"inLanguage\":\"en-GB\"},{\"@type\":\"WebPage\",\"@id\":\"https:\\\/\\\/ekonaut.org\\\/senzorni-vrt\\\/\",\"url\":\"https:\\\/\\\/ekonaut.org\\\/senzorni-vrt\\\/\",\"name\":\"Senzorni vrt - Priroda u gradu\",\"isPartOf\":{\"@id\":\"https:\\\/\\\/ekonaut.org\\\/#website\"},\"primaryImageOfPage\":{\"@id\":\"https:\\\/\\\/ekonaut.org\\\/senzorni-vrt\\\/#primaryimage\"},\"image\":{\"@id\":\"https:\\\/\\\/ekonaut.org\\\/senzorni-vrt\\\/#primaryimage\"},\"thumbnailUrl\":\"https:\\\/\\\/ekonaut.org\\\/wp-content\\\/uploads\\\/2022\\\/03\\\/Senzorni-vrt-1.webp\",\"datePublished\":\"2022-03-21T09:45:24+00:00\",\"dateModified\":\"2022-05-21T14:16:44+00:00\",\"breadcrumb\":{\"@id\":\"https:\\\/\\\/ekonaut.org\\\/senzorni-vrt\\\/#breadcrumb\"},\"inLanguage\":\"en-GB\",\"potentialAction\":[{\"@type\":\"ReadAction\",\"target\":[\"https:\\\/\\\/ekonaut.org\\\/senzorni-vrt\\\/\"]}]},{\"@type\":\"ImageObject\",\"inLanguage\":\"en-GB\",\"@id\":\"https:\\\/\\\/ekonaut.org\\\/senzorni-vrt\\\/#primaryimage\",\"url\":\"https:\\\/\\\/ekonaut.org\\\/wp-content\\\/uploads\\\/2022\\\/03\\\/Senzorni-vrt-1.webp\",\"contentUrl\":\"https:\\\/\\\/ekonaut.org\\\/wp-content\\\/uploads\\\/2022\\\/03\\\/Senzorni-vrt-1.webp\",\"width\":1280,\"height\":720},{\"@type\":\"BreadcrumbList\",\"@id\":\"https:\\\/\\\/ekonaut.org\\\/senzorni-vrt\\\/#breadcrumb\",\"itemListElement\":[{\"@type\":\"ListItem\",\"position\":1,\"name\":\"Home\",\"item\":\"https:\\\/\\\/ekonaut.org\\\/\"},{\"@type\":\"ListItem\",\"position\":2,\"name\":\"Senzorni vrt\"}]},{\"@type\":\"WebSite\",\"@id\":\"https:\\\/\\\/ekonaut.org\\\/#website\",\"url\":\"https:\\\/\\\/ekonaut.org\\\/\",\"name\":\"Priroda u gradu\",\"description\":\"Sa\u010duvajmo prirodu u gradu\",\"publisher\":{\"@id\":\"https:\\\/\\\/ekonaut.org\\\/#organization\"},\"potentialAction\":[{\"@type\":\"SearchAction\",\"target\":{\"@type\":\"EntryPoint\",\"urlTemplate\":\"https:\\\/\\\/ekonaut.org\\\/?s={search_term_string}\"},\"query-input\":{\"@type\":\"PropertyValueSpecification\",\"valueRequired\":true,\"valueName\":\"search_term_string\"}}],\"inLanguage\":\"en-GB\"},{\"@type\":\"Organization\",\"@id\":\"https:\\\/\\\/ekonaut.org\\\/#organization\",\"name\":\"Priroda u gradu\",\"url\":\"https:\\\/\\\/ekonaut.org\\\/\",\"logo\":{\"@type\":\"ImageObject\",\"inLanguage\":\"en-GB\",\"@id\":\"https:\\\/\\\/ekonaut.org\\\/#\\\/schema\\\/logo\\\/image\\\/\",\"url\":\"https:\\\/\\\/ekonaut.org\\\/wp-content\\\/uploads\\\/2022\\\/03\\\/Ekonaut-logo.webp\",\"contentUrl\":\"https:\\\/\\\/ekonaut.org\\\/wp-content\\\/uploads\\\/2022\\\/03\\\/Ekonaut-logo.webp\",\"width\":230,\"height\":53,\"caption\":\"Priroda u gradu\"},\"image\":{\"@id\":\"https:\\\/\\\/ekonaut.org\\\/#\\\/schema\\\/logo\\\/image\\\/\"},\"sameAs\":[\"https:\\\/\\\/www.facebook.com\\\/ekonaut.serbia\\\/\",\"https:\\\/\\\/www.instagram.com\\\/ekonaut.srb\\\/?hl=en\",\"https:\\\/\\\/www.pinterest.com\\\/ekonautzdravac\\\/\"]},{\"@type\":\"Person\",\"@id\":\"https:\\\/\\\/ekonaut.org\\\/#\\\/schema\\\/person\\\/dd0c55c795264ed394034f47345f8154\",\"name\":\"admin\",\"sameAs\":[\"http:\\\/\\\/ekonaut.org\"],\"url\":\"https:\\\/\\\/ekonaut.org\\\/en\\\/author\\\/admin\\\/\"}]}<\/script>\n<!-- \/ Yoast SEO plugin. -->","yoast_head_json":{"title":"Senzorni vrt - Priroda u gradu","robots":{"index":"index","follow":"follow","max-snippet":"max-snippet:-1","max-image-preview":"max-image-preview:large","max-video-preview":"max-video-preview:-1"},"canonical":"https:\/\/ekonaut.org\/en\/senzorni-vrt\/","og_locale":"en_GB","og_type":"article","og_title":"Senzorni vrt - Priroda u gradu","og_description":"Posebno nam je drago \u0161to smo u\u010destvovali u kreiranju senzornog vrta koji je otvoren 2017. godine u dvori\u0161tu O\u0160 \u201eRadivoj Popovi\u0107\u201c u Zemunu, najstarije beogradske \u0161kole za obrazovanje dece o\u0161te\u0107enog sluha i govora, disharmoni\u010dnog motornog razvoja i autizma. U pitanju je jedinstveno \u0161kolsko dvori\u0161te koje predstavlja mesto u\u010denja, rekreacije i terapije za \u0111ake ove \u0161kole. [&hellip;]","og_url":"https:\/\/ekonaut.org\/en\/senzorni-vrt\/","og_site_name":"Priroda u gradu","article_publisher":"https:\/\/www.facebook.com\/ekonaut.serbia\/","article_published_time":"2022-03-21T09:45:24+00:00","article_modified_time":"2022-05-21T14:16:44+00:00","og_image":[{"width":1280,"height":720,"url":"https:\/\/ekonaut.org\/wp-content\/uploads\/2022\/03\/Senzorni-vrt-1.webp","type":"image\/webp"}],"author":"admin","twitter_card":"summary_large_image","twitter_misc":{"Written by":"admin","Estimated reading time":"1 minute"},"schema":{"@context":"https:\/\/schema.org","@graph":[{"@type":"Article","@id":"https:\/\/ekonaut.org\/senzorni-vrt\/#article","isPartOf":{"@id":"https:\/\/ekonaut.org\/senzorni-vrt\/"},"author":{"name":"admin","@id":"https:\/\/ekonaut.org\/#\/schema\/person\/dd0c55c795264ed394034f47345f8154"},"headline":"Senzorni vrt","datePublished":"2022-03-21T09:45:24+00:00","dateModified":"2022-05-21T14:16:44+00:00","mainEntityOfPage":{"@id":"https:\/\/ekonaut.org\/senzorni-vrt\/"},"wordCount":224,"publisher":{"@id":"https:\/\/ekonaut.org\/#organization"},"image":{"@id":"https:\/\/ekonaut.org\/senzorni-vrt\/#primaryimage"},"thumbnailUrl":"https:\/\/ekonaut.org\/wp-content\/uploads\/2022\/03\/Senzorni-vrt-1.webp","articleSection":["Projekti"],"inLanguage":"en-GB"},{"@type":"WebPage","@id":"https:\/\/ekonaut.org\/senzorni-vrt\/","url":"https:\/\/ekonaut.org\/senzorni-vrt\/","name":"Senzorni vrt - Priroda u gradu","isPartOf":{"@id":"https:\/\/ekonaut.org\/#website"},"primaryImageOfPage":{"@id":"https:\/\/ekonaut.org\/senzorni-vrt\/#primaryimage"},"image":{"@id":"https:\/\/ekonaut.org\/senzorni-vrt\/#primaryimage"},"thumbnailUrl":"https:\/\/ekonaut.org\/wp-content\/uploads\/2022\/03\/Senzorni-vrt-1.webp","datePublished":"2022-03-21T09:45:24+00:00","dateModified":"2022-05-21T14:16:44+00:00","breadcrumb":{"@id":"https:\/\/ekonaut.org\/senzorni-vrt\/#breadcrumb"},"inLanguage":"en-GB","potentialAction":[{"@type":"ReadAction","target":["https:\/\/ekonaut.org\/senzorni-vrt\/"]}]},{"@type":"ImageObject","inLanguage":"en-GB","@id":"https:\/\/ekonaut.org\/senzorni-vrt\/#primaryimage","url":"https:\/\/ekonaut.org\/wp-content\/uploads\/2022\/03\/Senzorni-vrt-1.webp","contentUrl":"https:\/\/ekonaut.org\/wp-content\/uploads\/2022\/03\/Senzorni-vrt-1.webp","width":1280,"height":720},{"@type":"BreadcrumbList","@id":"https:\/\/ekonaut.org\/senzorni-vrt\/#breadcrumb","itemListElement":[{"@type":"ListItem","position":1,"name":"Home","item":"https:\/\/ekonaut.org\/"},{"@type":"ListItem","position":2,"name":"Senzorni vrt"}]},{"@type":"WebSite","@id":"https:\/\/ekonaut.org\/#website","url":"https:\/\/ekonaut.org\/","name":"Priroda u gradu","description":"Sa\u010duvajmo prirodu u gradu","publisher":{"@id":"https:\/\/ekonaut.org\/#organization"},"potentialAction":[{"@type":"SearchAction","target":{"@type":"EntryPoint","urlTemplate":"https:\/\/ekonaut.org\/?s={search_term_string}"},"query-input":{"@type":"PropertyValueSpecification","valueRequired":true,"valueName":"search_term_string"}}],"inLanguage":"en-GB"},{"@type":"Organization","@id":"https:\/\/ekonaut.org\/#organization","name":"Priroda u gradu","url":"https:\/\/ekonaut.org\/","logo":{"@type":"ImageObject","inLanguage":"en-GB","@id":"https:\/\/ekonaut.org\/#\/schema\/logo\/image\/","url":"https:\/\/ekonaut.org\/wp-content\/uploads\/2022\/03\/Ekonaut-logo.webp","contentUrl":"https:\/\/ekonaut.org\/wp-content\/uploads\/2022\/03\/Ekonaut-logo.webp","width":230,"height":53,"caption":"Priroda u gradu"},"image":{"@id":"https:\/\/ekonaut.org\/#\/schema\/logo\/image\/"},"sameAs":["https:\/\/www.facebook.com\/ekonaut.serbia\/","https:\/\/www.instagram.com\/ekonaut.srb\/?hl=en","https:\/\/www.pinterest.com\/ekonautzdravac\/"]},{"@type":"Person","@id":"https:\/\/ekonaut.org\/#\/schema\/person\/dd0c55c795264ed394034f47345f8154","name":"admin","sameAs":["http:\/\/ekonaut.org"],"url":"https:\/\/ekonaut.org\/en\/author\/admin\/"}]}},"_links":{"self":[{"href":"https:\/\/ekonaut.org\/en\/wp-json\/wp\/v2\/posts\/15203","targetHints":{"allow":["GET"]}}],"collection":[{"href":"https:\/\/ekonaut.org\/en\/wp-json\/wp\/v2\/posts"}],"about":[{"href":"https:\/\/ekonaut.org\/en\/wp-json\/wp\/v2\/types\/post"}],"author":[{"embeddable":true,"href":"https:\/\/ekonaut.org\/en\/wp-json\/wp\/v2\/users\/1"}],"replies":[{"embeddable":true,"href":"https:\/\/ekonaut.org\/en\/wp-json\/wp\/v2\/comments?post=15203"}],"version-history":[{"count":4,"href":"https:\/\/ekonaut.org\/en\/wp-json\/wp\/v2\/posts\/15203\/revisions"}],"predecessor-version":[{"id":15795,"href":"https:\/\/ekonaut.org\/en\/wp-json\/wp\/v2\/posts\/15203\/revisions\/15795"}],"wp:featuredmedia":[{"embeddable":true,"href":"https:\/\/ekonaut.org\/en\/wp-json\/wp\/v2\/media\/15205"}],"wp:attachment":[{"href":"https:\/\/ekonaut.org\/en\/wp-json\/wp\/v2\/media?parent=15203"}],"wp:term":[{"taxonomy":"category","embeddable":true,"href":"https:\/\/ekonaut.org\/en\/wp-json\/wp\/v2\/categories?post=15203"},{"taxonomy":"post_tag","embeddable":true,"href":"https:\/\/ekonaut.org\/en\/wp-json\/wp\/v2\/tags?post=15203"}],"curies":[{"name":"wp","href":"https:\/\/api.w.org\/{rel}","templated":true}]}}