{"id":14459,"date":"2021-09-30T11:12:08","date_gmt":"2021-09-30T11:12:08","guid":{"rendered":"https:\/\/ekonaut.org\/?p=14459"},"modified":"2023-10-11T21:35:42","modified_gmt":"2023-10-11T21:35:42","slug":"mapiranje-prostora-za-bastenske-zajednice-u-beogradu","status":"publish","type":"post","link":"https:\/\/ekonaut.org\/en\/mapiranje-prostora-za-bastenske-zajednice-u-beogradu\/","title":{"rendered":"We invite the public to participate in mapping space for garden communities in Belgrade"},"content":{"rendered":"<p>Within the project <a href=\"https:\/\/ekonaut.org\/en\/ekonaut-pokrece-inicijativu-za-bastenske-zajednice\/\">\"Initiative for Garden Communities\"<\/a>we invite you to help us map the locations in the city of Belgrade that are already used or have the potential to become a common garden of the neighborhood or other local community. If you have noticed in any part of the city, or near the city, a plot that you assume is in public ownership, and which could be arranged as a common garden for all generations, please let us know by filling out the questionnaire at this&nbsp;<a href=\"https:\/\/docs.google.com\/forms\/d\/e\/1FAIpQLSdE1pfxI_rV5VXQDDpkizACKBDPyTZry9RORMs537FCbWfNIg\/viewform\"><strong>LINK<\/strong><\/a>.<\/p>\n\n\n\n<figure class=\"wp-block-image size-large\"><img fetchpriority=\"high\" decoding=\"async\" width=\"1024\" height=\"537\" src=\"https:\/\/ekonaut.org\/wp-content\/uploads\/2022\/04\/Zajednicka-basta-1024x537.webp\" alt=\"\" class=\"wp-image-15349\" srcset=\"https:\/\/ekonaut.org\/wp-content\/uploads\/2022\/04\/Zajednicka-basta-1024x537.webp 1024w, https:\/\/ekonaut.org\/wp-content\/uploads\/2022\/04\/Zajednicka-basta-300x157.webp 300w, https:\/\/ekonaut.org\/wp-content\/uploads\/2022\/04\/Zajednicka-basta-768x402.webp 768w, https:\/\/ekonaut.org\/wp-content\/uploads\/2022\/04\/Zajednicka-basta-1536x805.webp 1536w, https:\/\/ekonaut.org\/wp-content\/uploads\/2022\/04\/Zajednicka-basta-18x9.webp 18w, https:\/\/ekonaut.org\/wp-content\/uploads\/2022\/04\/Zajednicka-basta-750x393.webp 750w, https:\/\/ekonaut.org\/wp-content\/uploads\/2022\/04\/Zajednicka-basta-1140x597.webp 1140w, https:\/\/ekonaut.org\/wp-content\/uploads\/2022\/04\/Zajednicka-basta.webp 1920w\" sizes=\"(max-width: 1024px) 100vw, 1024px\" \/><\/figure>\n\n\n\n<p>Urban garden communities are open areas where individuals or groups grow plants of their choice. They exist in most European cities and have numerous socially useful purposes, such as physical and social rehabilitation, opportunities for work and employment of economically disadvantaged sections of the population, animation of elderly citizens and enabling all generations to pursue healthy hobbies in horticulture, gardening and vegetable growing. Such places have both historical and cultural value and often become popular picnic areas with additional facilities and an accessible source of healthy food.<\/p>\n\n\n\n<p>The formation of the system of urban garden communities in many cities around the world is recognized as one of the tools for development and sustainable management of urban spaces, but also as a means to provide food sources at the local level and achieve microclimatic, social and economic benefits. At a time when Belgrade is threatened by constant pollution, uncontrolled investor urbanism and the upcoming climate crisis, garden communities are emerging as one of the solutions that would improve the quality of life in the city and improve the process of adapting to climate change. For these reasons, we launched the project&nbsp;<a href=\"https:\/\/ekonaut.org\/en\/ekonaut-pokrece-inicijativu-za-bastenske-zajednice\/\"><strong>\"Initiative for Garden Communities\"<\/strong><\/a>&nbsp;, which will systematically work on the development of this concept through a series of activities in the coming period, and the first step is to map locations that are already or could become joint gardens of Belgrade. This mapping step aims to provide us with a clearer picture of the situation on the ground, as well as to enable us to establish cooperation with local communities in the future and potentially advocate the establishment of a garden community through some future initiatives and projects.<\/p>\n\n\n\n<figure class=\"wp-block-image size-large\"><img decoding=\"async\" width=\"1024\" height=\"747\" src=\"https:\/\/ekonaut.org\/wp-content\/uploads\/2022\/04\/bastenske-zajednice-slika-1024x747.webp\" alt=\"\" class=\"wp-image-15372\" srcset=\"https:\/\/ekonaut.org\/wp-content\/uploads\/2022\/04\/bastenske-zajednice-slika-1024x747.webp 1024w, https:\/\/ekonaut.org\/wp-content\/uploads\/2022\/04\/bastenske-zajednice-slika-300x219.webp 300w, https:\/\/ekonaut.org\/wp-content\/uploads\/2022\/04\/bastenske-zajednice-slika-768x560.webp 768w, https:\/\/ekonaut.org\/wp-content\/uploads\/2022\/04\/bastenske-zajednice-slika-16x12.webp 16w, https:\/\/ekonaut.org\/wp-content\/uploads\/2022\/04\/bastenske-zajednice-slika-750x547.webp 750w, https:\/\/ekonaut.org\/wp-content\/uploads\/2022\/04\/bastenske-zajednice-slika-1140x832.webp 1140w, https:\/\/ekonaut.org\/wp-content\/uploads\/2022\/04\/bastenske-zajednice-slika.webp 1280w\" sizes=\"(max-width: 1024px) 100vw, 1024px\" \/><\/figure>\n\n\n\n<p>The project \"Initiative for Garden Communities\" is implemented within the project of the Belgrade Open School \"Green Incubator\", with financial support from the European Union and the Friedrich Ebert Foundation. The content of this site does not necessarily reflect the views of donors or the Belgrade Open School, and \"Ekonaut\" is solely responsible for it.  <\/p>\n\n\n\n<figure class=\"wp-block-image size-full is-resized\"><img decoding=\"async\" src=\"https:\/\/ekonaut.org\/wp-content\/uploads\/2022\/04\/EUzaTebe_text-1.png\" alt=\"\" class=\"wp-image-15355\" width=\"183\" height=\"92\" srcset=\"https:\/\/ekonaut.org\/wp-content\/uploads\/2022\/04\/EUzaTebe_text-1-18x9.png 18w, https:\/\/ekonaut.org\/wp-content\/uploads\/2022\/04\/EUzaTebe_text-1-360x180.png 360w\" sizes=\"(max-width: 183px) 100vw, 183px\" \/><\/figure>\n\n\n\n<p><\/p>","protected":false},"excerpt":{"rendered":"<p>U okviru projekta \u201cInicijativa za ba\u0161tenske zajednice\u201d, pozivamo vas da nam pomognete u mapiranju lokacija na teritoriji grada Beograda koje se ve\u0107 koriste ili imaju potencijal da postanu zajedni\u010dka ba\u0161ta kom\u0161iluka ili druge lokalne zajednice. Ako ste u bilo kom delu grada, ili nadomak grada, primetili parcelu za koju pretpostavljate da je u javnom vlasni\u0161tvu, [&hellip;]<\/p>","protected":false},"author":1,"featured_media":15349,"comment_status":"closed","ping_status":"closed","sticky":false,"template":"","format":"standard","meta":{"jnews-multi-image_gallery":[],"jnews_single_post":{"subtitle":"","format":"standard","video":"","gallery":"","source_name":"","source_url":"","via_name":"","via_url":"","override_template":"0","override":[{"template":"1","single_blog_custom":"","parallax":"1","fullscreen":"1","layout":"right-sidebar","sidebar":"default-sidebar","second_sidebar":"default-sidebar","sticky_sidebar":"1","share_position":"top","share_float_style":"share-monocrhome","show_share_counter":"1","show_view_counter":"1","show_featured":"1","show_post_meta":"1","show_post_author":"1","show_post_author_image":"1","show_post_date":"1","post_date_format":"default","post_date_format_custom":"Y\/m\/d","show_post_category":"1","show_post_reading_time":"0","post_reading_time_wpm":"300","show_zoom_button":"0","zoom_button_out_step":"2","zoom_button_in_step":"3","show_post_tag":"1","show_prev_next_post":"1","show_popup_post":"1","number_popup_post":"1","show_author_box":"0","show_post_related":"0","show_inline_post_related":"0"}],"override_image_size":"0","image_override":[{"single_post_thumbnail_size":"crop-500","single_post_gallery_size":"crop-500"}],"trending_post":"0","trending_post_position":"meta","trending_post_label":"Trending","sponsored_post":"0","sponsored_post_label":"Sponsored by","sponsored_post_name":"","sponsored_post_url":"","sponsored_post_logo_enable":"0","sponsored_post_logo":"","sponsored_post_desc":"","disable_ad":"0"},"jnews_primary_category":{"id":""},"jnews_social_meta":{"fb_title":"","fb_description":"","fb_image":"","twitter_title":"","twitter_description":"","twitter_image":""},"jnews_review":[],"enable_review":"0","type":"percentage","name":"","summary":"","brand":"","sku":"","good":[{"good_text":""}],"bad":[{"bad_text":""}],"score_override":"","override_value":"","rating":[{"rating_text":"","rating_number":"10"}],"price":[{"shop":"","price":"","link":"","icon":""}],"jnews_override_counter":{"override_view_counter":"0","view_counter_number":"0","override_share_counter":"0","share_counter_number":"0","override_like_counter":"0","like_counter_number":"0","override_dislike_counter":"0","dislike_counter_number":"0"},"jnews_post_split":{"enable_post_split":"0","post_split":[{"template":"1","tag":"h2","numbering":"asc","mode":"normal","first":"0","enable_toc":"0","toc_type":"normal"}]},"footnotes":""},"categories":[44],"tags":[64,65,66,67,68],"class_list":["post-14459","post","type-post","status-publish","format-standard","has-post-thumbnail","hentry","category-vesti","tag-bastenske-zajednice","tag-gradske-baste","tag-klimatske-promene","tag-urbano-bastovanstvo","tag-zelena-infrastruktura"],"yoast_head":"<!-- This site is optimized with the Yoast SEO plugin v27.5 - https:\/\/yoast.com\/product\/yoast-seo-wordpress\/ -->\n<title>MAPIRANJE PROSTORA ZA BA\u0160TENSKE ZAJEDNICE U BEOGRADU<\/title>\n<meta name=\"description\" content=\"U okviru projekta \u201cInicijativa za ba\u0161tenske zajednice\u201d, pozivamo vas da nam pomognete u mapiranju lokacija na teritoriji grada Beograda koje se ve\u0107 koriste ili imaju potencijal da postanu zajedni\u010dka ba\u0161ta kom\u0161iluka ili druge lokalne zajednice.\" \/>\n<meta name=\"robots\" content=\"index, follow, max-snippet:-1, max-image-preview:large, max-video-preview:-1\" \/>\n<link rel=\"canonical\" href=\"https:\/\/ekonaut.org\/en\/mapiranje-prostora-za-bastenske-zajednice-u-beogradu\/\" \/>\n<meta property=\"og:locale\" content=\"en_GB\" \/>\n<meta property=\"og:type\" content=\"article\" \/>\n<meta property=\"og:title\" content=\"MAPIRANJE PROSTORA ZA BA\u0160TENSKE ZAJEDNICE U BEOGRADU\" \/>\n<meta property=\"og:description\" content=\"U okviru projekta \u201cInicijativa za ba\u0161tenske zajednice\u201d, pozivamo vas da nam pomognete u mapiranju lokacija na teritoriji grada Beograda koje se ve\u0107 koriste ili imaju potencijal da postanu zajedni\u010dka ba\u0161ta kom\u0161iluka ili druge lokalne zajednice.\" \/>\n<meta property=\"og:url\" content=\"https:\/\/ekonaut.org\/en\/mapiranje-prostora-za-bastenske-zajednice-u-beogradu\/\" \/>\n<meta property=\"og:site_name\" content=\"Priroda u gradu\" \/>\n<meta property=\"article:publisher\" content=\"https:\/\/www.facebook.com\/ekonaut.serbia\/\" \/>\n<meta property=\"article:published_time\" content=\"2021-09-30T11:12:08+00:00\" \/>\n<meta property=\"article:modified_time\" content=\"2023-10-11T21:35:42+00:00\" \/>\n<meta property=\"og:image\" content=\"https:\/\/ekonaut.org\/wp-content\/uploads\/2022\/04\/Zajednicka-basta.webp\" \/>\n\t<meta property=\"og:image:width\" content=\"1920\" \/>\n\t<meta property=\"og:image:height\" content=\"1006\" \/>\n\t<meta property=\"og:image:type\" content=\"image\/webp\" \/>\n<meta name=\"author\" content=\"admin\" \/>\n<meta name=\"twitter:card\" content=\"summary_large_image\" \/>\n<meta name=\"twitter:label1\" content=\"Written by\" \/>\n\t<meta name=\"twitter:data1\" content=\"admin\" \/>\n\t<meta name=\"twitter:label2\" content=\"Estimated reading time\" \/>\n\t<meta name=\"twitter:data2\" content=\"2 minutes\" \/>\n<script type=\"application\/ld+json\" class=\"yoast-schema-graph\">{\"@context\":\"https:\\\/\\\/schema.org\",\"@graph\":[{\"@type\":\"Article\",\"@id\":\"https:\\\/\\\/ekonaut.org\\\/mapiranje-prostora-za-bastenske-zajednice-u-beogradu\\\/#article\",\"isPartOf\":{\"@id\":\"https:\\\/\\\/ekonaut.org\\\/mapiranje-prostora-za-bastenske-zajednice-u-beogradu\\\/\"},\"author\":{\"name\":\"admin\",\"@id\":\"https:\\\/\\\/ekonaut.org\\\/#\\\/schema\\\/person\\\/dd0c55c795264ed394034f47345f8154\"},\"headline\":\"Pozivamo javnost da se uklju\u010di u mapiranje prostora za ba\u0161tenske zajednice u Beogradu\",\"datePublished\":\"2021-09-30T11:12:08+00:00\",\"dateModified\":\"2023-10-11T21:35:42+00:00\",\"mainEntityOfPage\":{\"@id\":\"https:\\\/\\\/ekonaut.org\\\/mapiranje-prostora-za-bastenske-zajednice-u-beogradu\\\/\"},\"wordCount\":429,\"publisher\":{\"@id\":\"https:\\\/\\\/ekonaut.org\\\/#organization\"},\"image\":{\"@id\":\"https:\\\/\\\/ekonaut.org\\\/mapiranje-prostora-za-bastenske-zajednice-u-beogradu\\\/#primaryimage\"},\"thumbnailUrl\":\"https:\\\/\\\/ekonaut.org\\\/wp-content\\\/uploads\\\/2022\\\/04\\\/Zajednicka-basta.webp\",\"keywords\":[\"ba\u0161tenske zajednice\",\"gradske ba\u0161te\",\"klimatske promene\",\"urbano ba\u0161tovanstvo\",\"zelena infrastruktura\"],\"articleSection\":[\"Vesti\"],\"inLanguage\":\"en-GB\"},{\"@type\":\"WebPage\",\"@id\":\"https:\\\/\\\/ekonaut.org\\\/mapiranje-prostora-za-bastenske-zajednice-u-beogradu\\\/\",\"url\":\"https:\\\/\\\/ekonaut.org\\\/mapiranje-prostora-za-bastenske-zajednice-u-beogradu\\\/\",\"name\":\"MAPIRANJE PROSTORA ZA BA\u0160TENSKE ZAJEDNICE U BEOGRADU\",\"isPartOf\":{\"@id\":\"https:\\\/\\\/ekonaut.org\\\/#website\"},\"primaryImageOfPage\":{\"@id\":\"https:\\\/\\\/ekonaut.org\\\/mapiranje-prostora-za-bastenske-zajednice-u-beogradu\\\/#primaryimage\"},\"image\":{\"@id\":\"https:\\\/\\\/ekonaut.org\\\/mapiranje-prostora-za-bastenske-zajednice-u-beogradu\\\/#primaryimage\"},\"thumbnailUrl\":\"https:\\\/\\\/ekonaut.org\\\/wp-content\\\/uploads\\\/2022\\\/04\\\/Zajednicka-basta.webp\",\"datePublished\":\"2021-09-30T11:12:08+00:00\",\"dateModified\":\"2023-10-11T21:35:42+00:00\",\"description\":\"U okviru projekta \u201cInicijativa za ba\u0161tenske zajednice\u201d, pozivamo vas da nam pomognete u mapiranju lokacija na teritoriji grada Beograda koje se ve\u0107 koriste ili imaju potencijal da postanu zajedni\u010dka ba\u0161ta kom\u0161iluka ili druge lokalne zajednice.\",\"breadcrumb\":{\"@id\":\"https:\\\/\\\/ekonaut.org\\\/mapiranje-prostora-za-bastenske-zajednice-u-beogradu\\\/#breadcrumb\"},\"inLanguage\":\"en-GB\",\"potentialAction\":[{\"@type\":\"ReadAction\",\"target\":[\"https:\\\/\\\/ekonaut.org\\\/mapiranje-prostora-za-bastenske-zajednice-u-beogradu\\\/\"]}]},{\"@type\":\"ImageObject\",\"inLanguage\":\"en-GB\",\"@id\":\"https:\\\/\\\/ekonaut.org\\\/mapiranje-prostora-za-bastenske-zajednice-u-beogradu\\\/#primaryimage\",\"url\":\"https:\\\/\\\/ekonaut.org\\\/wp-content\\\/uploads\\\/2022\\\/04\\\/Zajednicka-basta.webp\",\"contentUrl\":\"https:\\\/\\\/ekonaut.org\\\/wp-content\\\/uploads\\\/2022\\\/04\\\/Zajednicka-basta.webp\",\"width\":1920,\"height\":1006},{\"@type\":\"BreadcrumbList\",\"@id\":\"https:\\\/\\\/ekonaut.org\\\/mapiranje-prostora-za-bastenske-zajednice-u-beogradu\\\/#breadcrumb\",\"itemListElement\":[{\"@type\":\"ListItem\",\"position\":1,\"name\":\"Home\",\"item\":\"https:\\\/\\\/ekonaut.org\\\/\"},{\"@type\":\"ListItem\",\"position\":2,\"name\":\"Pozivamo javnost da se uklju\u010di u mapiranje prostora za ba\u0161tenske zajednice u Beogradu\"}]},{\"@type\":\"WebSite\",\"@id\":\"https:\\\/\\\/ekonaut.org\\\/#website\",\"url\":\"https:\\\/\\\/ekonaut.org\\\/\",\"name\":\"Priroda u gradu\",\"description\":\"Sa\u010duvajmo prirodu u gradu\",\"publisher\":{\"@id\":\"https:\\\/\\\/ekonaut.org\\\/#organization\"},\"potentialAction\":[{\"@type\":\"SearchAction\",\"target\":{\"@type\":\"EntryPoint\",\"urlTemplate\":\"https:\\\/\\\/ekonaut.org\\\/?s={search_term_string}\"},\"query-input\":{\"@type\":\"PropertyValueSpecification\",\"valueRequired\":true,\"valueName\":\"search_term_string\"}}],\"inLanguage\":\"en-GB\"},{\"@type\":\"Organization\",\"@id\":\"https:\\\/\\\/ekonaut.org\\\/#organization\",\"name\":\"Priroda u gradu\",\"url\":\"https:\\\/\\\/ekonaut.org\\\/\",\"logo\":{\"@type\":\"ImageObject\",\"inLanguage\":\"en-GB\",\"@id\":\"https:\\\/\\\/ekonaut.org\\\/#\\\/schema\\\/logo\\\/image\\\/\",\"url\":\"https:\\\/\\\/ekonaut.org\\\/wp-content\\\/uploads\\\/2022\\\/03\\\/Ekonaut-logo.webp\",\"contentUrl\":\"https:\\\/\\\/ekonaut.org\\\/wp-content\\\/uploads\\\/2022\\\/03\\\/Ekonaut-logo.webp\",\"width\":230,\"height\":53,\"caption\":\"Priroda u gradu\"},\"image\":{\"@id\":\"https:\\\/\\\/ekonaut.org\\\/#\\\/schema\\\/logo\\\/image\\\/\"},\"sameAs\":[\"https:\\\/\\\/www.facebook.com\\\/ekonaut.serbia\\\/\",\"https:\\\/\\\/www.instagram.com\\\/ekonaut.srb\\\/?hl=en\",\"https:\\\/\\\/www.pinterest.com\\\/ekonautzdravac\\\/\"]},{\"@type\":\"Person\",\"@id\":\"https:\\\/\\\/ekonaut.org\\\/#\\\/schema\\\/person\\\/dd0c55c795264ed394034f47345f8154\",\"name\":\"admin\",\"sameAs\":[\"http:\\\/\\\/ekonaut.org\"],\"url\":\"https:\\\/\\\/ekonaut.org\\\/en\\\/author\\\/admin\\\/\"}]}<\/script>\n<!-- \/ Yoast SEO plugin. -->","yoast_head_json":{"title":"MAPIRANJE PROSTORA ZA BA\u0160TENSKE ZAJEDNICE U BEOGRADU","description":"U okviru projekta \u201cInicijativa za ba\u0161tenske zajednice\u201d, pozivamo vas da nam pomognete u mapiranju lokacija na teritoriji grada Beograda koje se ve\u0107 koriste ili imaju potencijal da postanu zajedni\u010dka ba\u0161ta kom\u0161iluka ili druge lokalne zajednice.","robots":{"index":"index","follow":"follow","max-snippet":"max-snippet:-1","max-image-preview":"max-image-preview:large","max-video-preview":"max-video-preview:-1"},"canonical":"https:\/\/ekonaut.org\/en\/mapiranje-prostora-za-bastenske-zajednice-u-beogradu\/","og_locale":"en_GB","og_type":"article","og_title":"MAPIRANJE PROSTORA ZA BA\u0160TENSKE ZAJEDNICE U BEOGRADU","og_description":"U okviru projekta \u201cInicijativa za ba\u0161tenske zajednice\u201d, pozivamo vas da nam pomognete u mapiranju lokacija na teritoriji grada Beograda koje se ve\u0107 koriste ili imaju potencijal da postanu zajedni\u010dka ba\u0161ta kom\u0161iluka ili druge lokalne zajednice.","og_url":"https:\/\/ekonaut.org\/en\/mapiranje-prostora-za-bastenske-zajednice-u-beogradu\/","og_site_name":"Priroda u gradu","article_publisher":"https:\/\/www.facebook.com\/ekonaut.serbia\/","article_published_time":"2021-09-30T11:12:08+00:00","article_modified_time":"2023-10-11T21:35:42+00:00","og_image":[{"width":1920,"height":1006,"url":"https:\/\/ekonaut.org\/wp-content\/uploads\/2022\/04\/Zajednicka-basta.webp","type":"image\/webp"}],"author":"admin","twitter_card":"summary_large_image","twitter_misc":{"Written by":"admin","Estimated reading time":"2 minutes"},"schema":{"@context":"https:\/\/schema.org","@graph":[{"@type":"Article","@id":"https:\/\/ekonaut.org\/mapiranje-prostora-za-bastenske-zajednice-u-beogradu\/#article","isPartOf":{"@id":"https:\/\/ekonaut.org\/mapiranje-prostora-za-bastenske-zajednice-u-beogradu\/"},"author":{"name":"admin","@id":"https:\/\/ekonaut.org\/#\/schema\/person\/dd0c55c795264ed394034f47345f8154"},"headline":"Pozivamo javnost da se uklju\u010di u mapiranje prostora za ba\u0161tenske zajednice u Beogradu","datePublished":"2021-09-30T11:12:08+00:00","dateModified":"2023-10-11T21:35:42+00:00","mainEntityOfPage":{"@id":"https:\/\/ekonaut.org\/mapiranje-prostora-za-bastenske-zajednice-u-beogradu\/"},"wordCount":429,"publisher":{"@id":"https:\/\/ekonaut.org\/#organization"},"image":{"@id":"https:\/\/ekonaut.org\/mapiranje-prostora-za-bastenske-zajednice-u-beogradu\/#primaryimage"},"thumbnailUrl":"https:\/\/ekonaut.org\/wp-content\/uploads\/2022\/04\/Zajednicka-basta.webp","keywords":["ba\u0161tenske zajednice","gradske ba\u0161te","klimatske promene","urbano ba\u0161tovanstvo","zelena infrastruktura"],"articleSection":["Vesti"],"inLanguage":"en-GB"},{"@type":"WebPage","@id":"https:\/\/ekonaut.org\/mapiranje-prostora-za-bastenske-zajednice-u-beogradu\/","url":"https:\/\/ekonaut.org\/mapiranje-prostora-za-bastenske-zajednice-u-beogradu\/","name":"MAPIRANJE PROSTORA ZA BA\u0160TENSKE ZAJEDNICE U BEOGRADU","isPartOf":{"@id":"https:\/\/ekonaut.org\/#website"},"primaryImageOfPage":{"@id":"https:\/\/ekonaut.org\/mapiranje-prostora-za-bastenske-zajednice-u-beogradu\/#primaryimage"},"image":{"@id":"https:\/\/ekonaut.org\/mapiranje-prostora-za-bastenske-zajednice-u-beogradu\/#primaryimage"},"thumbnailUrl":"https:\/\/ekonaut.org\/wp-content\/uploads\/2022\/04\/Zajednicka-basta.webp","datePublished":"2021-09-30T11:12:08+00:00","dateModified":"2023-10-11T21:35:42+00:00","description":"U okviru projekta \u201cInicijativa za ba\u0161tenske zajednice\u201d, pozivamo vas da nam pomognete u mapiranju lokacija na teritoriji grada Beograda koje se ve\u0107 koriste ili imaju potencijal da postanu zajedni\u010dka ba\u0161ta kom\u0161iluka ili druge lokalne zajednice.","breadcrumb":{"@id":"https:\/\/ekonaut.org\/mapiranje-prostora-za-bastenske-zajednice-u-beogradu\/#breadcrumb"},"inLanguage":"en-GB","potentialAction":[{"@type":"ReadAction","target":["https:\/\/ekonaut.org\/mapiranje-prostora-za-bastenske-zajednice-u-beogradu\/"]}]},{"@type":"ImageObject","inLanguage":"en-GB","@id":"https:\/\/ekonaut.org\/mapiranje-prostora-za-bastenske-zajednice-u-beogradu\/#primaryimage","url":"https:\/\/ekonaut.org\/wp-content\/uploads\/2022\/04\/Zajednicka-basta.webp","contentUrl":"https:\/\/ekonaut.org\/wp-content\/uploads\/2022\/04\/Zajednicka-basta.webp","width":1920,"height":1006},{"@type":"BreadcrumbList","@id":"https:\/\/ekonaut.org\/mapiranje-prostora-za-bastenske-zajednice-u-beogradu\/#breadcrumb","itemListElement":[{"@type":"ListItem","position":1,"name":"Home","item":"https:\/\/ekonaut.org\/"},{"@type":"ListItem","position":2,"name":"Pozivamo javnost da se uklju\u010di u mapiranje prostora za ba\u0161tenske zajednice u Beogradu"}]},{"@type":"WebSite","@id":"https:\/\/ekonaut.org\/#website","url":"https:\/\/ekonaut.org\/","name":"Priroda u gradu","description":"Sa\u010duvajmo prirodu u gradu","publisher":{"@id":"https:\/\/ekonaut.org\/#organization"},"potentialAction":[{"@type":"SearchAction","target":{"@type":"EntryPoint","urlTemplate":"https:\/\/ekonaut.org\/?s={search_term_string}"},"query-input":{"@type":"PropertyValueSpecification","valueRequired":true,"valueName":"search_term_string"}}],"inLanguage":"en-GB"},{"@type":"Organization","@id":"https:\/\/ekonaut.org\/#organization","name":"Priroda u gradu","url":"https:\/\/ekonaut.org\/","logo":{"@type":"ImageObject","inLanguage":"en-GB","@id":"https:\/\/ekonaut.org\/#\/schema\/logo\/image\/","url":"https:\/\/ekonaut.org\/wp-content\/uploads\/2022\/03\/Ekonaut-logo.webp","contentUrl":"https:\/\/ekonaut.org\/wp-content\/uploads\/2022\/03\/Ekonaut-logo.webp","width":230,"height":53,"caption":"Priroda u gradu"},"image":{"@id":"https:\/\/ekonaut.org\/#\/schema\/logo\/image\/"},"sameAs":["https:\/\/www.facebook.com\/ekonaut.serbia\/","https:\/\/www.instagram.com\/ekonaut.srb\/?hl=en","https:\/\/www.pinterest.com\/ekonautzdravac\/"]},{"@type":"Person","@id":"https:\/\/ekonaut.org\/#\/schema\/person\/dd0c55c795264ed394034f47345f8154","name":"admin","sameAs":["http:\/\/ekonaut.org"],"url":"https:\/\/ekonaut.org\/en\/author\/admin\/"}]}},"_links":{"self":[{"href":"https:\/\/ekonaut.org\/en\/wp-json\/wp\/v2\/posts\/14459","targetHints":{"allow":["GET"]}}],"collection":[{"href":"https:\/\/ekonaut.org\/en\/wp-json\/wp\/v2\/posts"}],"about":[{"href":"https:\/\/ekonaut.org\/en\/wp-json\/wp\/v2\/types\/post"}],"author":[{"embeddable":true,"href":"https:\/\/ekonaut.org\/en\/wp-json\/wp\/v2\/users\/1"}],"replies":[{"embeddable":true,"href":"https:\/\/ekonaut.org\/en\/wp-json\/wp\/v2\/comments?post=14459"}],"version-history":[{"count":4,"href":"https:\/\/ekonaut.org\/en\/wp-json\/wp\/v2\/posts\/14459\/revisions"}],"predecessor-version":[{"id":16353,"href":"https:\/\/ekonaut.org\/en\/wp-json\/wp\/v2\/posts\/14459\/revisions\/16353"}],"wp:featuredmedia":[{"embeddable":true,"href":"https:\/\/ekonaut.org\/en\/wp-json\/wp\/v2\/media\/15349"}],"wp:attachment":[{"href":"https:\/\/ekonaut.org\/en\/wp-json\/wp\/v2\/media?parent=14459"}],"wp:term":[{"taxonomy":"category","embeddable":true,"href":"https:\/\/ekonaut.org\/en\/wp-json\/wp\/v2\/categories?post=14459"},{"taxonomy":"post_tag","embeddable":true,"href":"https:\/\/ekonaut.org\/en\/wp-json\/wp\/v2\/tags?post=14459"}],"curies":[{"name":"wp","href":"https:\/\/api.w.org\/{rel}","templated":true}]}}