{"id":14356,"date":"2021-09-20T12:56:02","date_gmt":"2021-09-20T11:56:02","guid":{"rendered":"https:\/\/ekonaut.org\/?p=14356"},"modified":"2022-04-02T01:33:35","modified_gmt":"2022-04-02T01:33:35","slug":"odrzana-radionica-kakav-park-zelimo-na-dorcol-park-festu","status":"publish","type":"post","link":"https:\/\/ekonaut.org\/en\/odrzana-radionica-kakav-park-zelimo-na-dorcol-park-festu\/","title":{"rendered":"Workshop \"What kind of park do we want\" held at \"Dor\u0107ol Park fest\""},"content":{"rendered":"<p class=\"translation-block\">Workshop \"WHAT KIND OF PARK DO WE WANT?\" was held on Sunday, September 19 as part of the Neighborhood Day - \"Dor\u0107ol Park Fest\" organized by the association \"Ekonaut\" and \"Neighbors from Dor\u0107ol\". At the workshop, held in the premises of \"Civic Initiatives\", a dialogue was initiated regarding the initiative to arrange the corner of Mihizova Street and Herceg Stjepan Street as a park for all generations, in one of the most polluted parts of Belgrade where there are not enough green areas.<\/p>\n\n\n\n<p>Before the workshop, the organizers conducted a survey filled out by more than a hundred citizens living in this part of the city, which clearly indicated the need for a new green area. The largest number of respondents believe that the quality of green areas in lower Dor\u0107ol is poor and inadequate, and the part of the survey related to the area of the potential park showed that there is a need for more trees (74.3%) and places to sit and socialize (71.6%). Also, the survey indicated the need for facilities for children and biodiversity zones.&nbsp;<\/p>\n\n\n\n<figure class=\"wp-block-image size-large\"><img fetchpriority=\"high\" decoding=\"async\" width=\"1024\" height=\"584\" src=\"https:\/\/ekonaut.org\/wp-content\/uploads\/2022\/04\/KSD-Radionica-1024x584.webp\" alt=\"\" class=\"wp-image-15377\" srcset=\"https:\/\/ekonaut.org\/wp-content\/uploads\/2022\/04\/KSD-Radionica-1024x584.webp 1024w, https:\/\/ekonaut.org\/wp-content\/uploads\/2022\/04\/KSD-Radionica-300x171.webp 300w, https:\/\/ekonaut.org\/wp-content\/uploads\/2022\/04\/KSD-Radionica-768x438.webp 768w, https:\/\/ekonaut.org\/wp-content\/uploads\/2022\/04\/KSD-Radionica-18x10.webp 18w, https:\/\/ekonaut.org\/wp-content\/uploads\/2022\/04\/KSD-Radionica-750x428.webp 750w, https:\/\/ekonaut.org\/wp-content\/uploads\/2022\/04\/KSD-Radionica-1140x650.webp 1140w, https:\/\/ekonaut.org\/wp-content\/uploads\/2022\/04\/KSD-Radionica.webp 1280w\" sizes=\"(max-width: 1024px) 100vw, 1024px\" \/><\/figure>\n\n\n\n<p>Both adults and children participated in the workshop and, during the given time interval of 30 to 45 minutes, divided into groups, they worked on a proposal for arranging a potential park, determining the arrangement of elements and their importance for the space and its users. Through a game that encourages cooperation of participants, the citizens took active roles of thinking about a public space that would be open to the local community and intended for socializing and playing. As a result of the workshop, three complete conceptual solutions were obtained as a starting point for potential landscaping. Also, various comments were collected about the current situation and needs of the users, including lighting in the park, the presence of pets in the space provided for children etc.&nbsp;<\/p>\n\n\n\n<p>This model of active, participatory public space planning is increasingly used in urban planning of micro locations in order to involve the local community in the planning of the space that will be used and gain an understanding of the process that leads to sustainable solutions. This way, local decision makers are sensitized to the needs of the public interest in the community, when it comes to public spaces.&nbsp;<\/p>\n\n\n\n<figure class=\"wp-block-image size-large\"><img decoding=\"async\" width=\"1024\" height=\"768\" src=\"https:\/\/ekonaut.org\/wp-content\/uploads\/2022\/04\/KSD-Festival-1024x768.webp\" alt=\"\" class=\"wp-image-15378\" srcset=\"https:\/\/ekonaut.org\/wp-content\/uploads\/2022\/04\/KSD-Festival-1024x768.webp 1024w, https:\/\/ekonaut.org\/wp-content\/uploads\/2022\/04\/KSD-Festival-300x225.webp 300w, https:\/\/ekonaut.org\/wp-content\/uploads\/2022\/04\/KSD-Festival-768x576.webp 768w, https:\/\/ekonaut.org\/wp-content\/uploads\/2022\/04\/KSD-Festival-16x12.webp 16w, https:\/\/ekonaut.org\/wp-content\/uploads\/2022\/04\/KSD-Festival-750x563.webp 750w, https:\/\/ekonaut.org\/wp-content\/uploads\/2022\/04\/KSD-Festival-1140x855.webp 1140w, https:\/\/ekonaut.org\/wp-content\/uploads\/2022\/04\/KSD-Festival.webp 1200w\" sizes=\"(max-width: 1024px) 100vw, 1024px\" \/><\/figure>\n\n\n\n<p class=\"translation-block\">The workshop was moderated by Milena Ivkovi\u0107 from Block 74, a Dutch-Serbian architect, urban designer and digital artist who uses her knowledge of urban forms and co-design techniques to help improve public spaces. During the workshop, Sabina Keri\u0107 from the association \"Ekonaut\" briefly presented the work of the association and the project \"Initiative for Garden Communities\", especially emphasizing the importance of shared gardens for sustainable urban development.<\/p>\n\n\n\n<p>After the workshop, the \"Dor\u0107ol Park Fest\" program continued in this potential outdoor park, where those gathered symbolically started a small spice garden, and the plants were planted by children who drew their plans for the park at the workshop. The day before the festival, the organizations \"Ekonaut\" and \"Neighbors from Dor\u0107ol\" cleaned the area of the potential park, which, due to unresolved property legal relations, is not in the regular maintenance system, which hinders the final transformation of this plot into a green area. With basic hygienic cleaning and trimming, this potentially future park has been brought into a condition so that the open part can be used freely even after the festival.<\/p>\n\n\n\n<figure class=\"wp-block-gallery has-nested-images columns-default is-cropped wp-block-gallery-1 is-layout-flex wp-block-gallery-is-layout-flex\">\n<figure class=\"wp-block-image size-large\"><img decoding=\"async\" width=\"640\" height=\"480\" data-id=\"15381\" src=\"https:\/\/ekonaut.org\/wp-content\/uploads\/2022\/04\/IMG_20210919_122754-scaled-1.jpg\" alt=\"\" class=\"wp-image-15381\" srcset=\"https:\/\/ekonaut.org\/wp-content\/uploads\/2022\/04\/IMG_20210919_122754-scaled-1.jpg 640w, https:\/\/ekonaut.org\/wp-content\/uploads\/2022\/04\/IMG_20210919_122754-scaled-1-300x225.jpg 300w, https:\/\/ekonaut.org\/wp-content\/uploads\/2022\/04\/IMG_20210919_122754-scaled-1-16x12.jpg 16w\" sizes=\"(max-width: 640px) 100vw, 640px\" \/><\/figure>\n\n\n\n<figure class=\"wp-block-image size-large\"><img loading=\"lazy\" decoding=\"async\" width=\"640\" height=\"480\" data-id=\"15382\" src=\"https:\/\/ekonaut.org\/wp-content\/uploads\/2022\/04\/IMG_20210919_123925-scaled-1.jpg\" alt=\"\" class=\"wp-image-15382\" srcset=\"https:\/\/ekonaut.org\/wp-content\/uploads\/2022\/04\/IMG_20210919_123925-scaled-1.jpg 640w, https:\/\/ekonaut.org\/wp-content\/uploads\/2022\/04\/IMG_20210919_123925-scaled-1-300x225.jpg 300w, https:\/\/ekonaut.org\/wp-content\/uploads\/2022\/04\/IMG_20210919_123925-scaled-1-16x12.jpg 16w\" sizes=\"(max-width: 640px) 100vw, 640px\" \/><\/figure>\n\n\n\n<figure class=\"wp-block-image size-large\"><img loading=\"lazy\" decoding=\"async\" width=\"640\" height=\"408\" data-id=\"15383\" src=\"https:\/\/ekonaut.org\/wp-content\/uploads\/2022\/04\/IMG_20210919_142641-scaled-1.jpg\" alt=\"\" class=\"wp-image-15383\" srcset=\"https:\/\/ekonaut.org\/wp-content\/uploads\/2022\/04\/IMG_20210919_142641-scaled-1.jpg 640w, https:\/\/ekonaut.org\/wp-content\/uploads\/2022\/04\/IMG_20210919_142641-scaled-1-300x191.jpg 300w, https:\/\/ekonaut.org\/wp-content\/uploads\/2022\/04\/IMG_20210919_142641-scaled-1-18x12.jpg 18w\" sizes=\"(max-width: 640px) 100vw, 640px\" \/><\/figure>\n\n\n\n<figure class=\"wp-block-image size-large\"><img loading=\"lazy\" decoding=\"async\" width=\"640\" height=\"416\" data-id=\"15384\" src=\"https:\/\/ekonaut.org\/wp-content\/uploads\/2022\/04\/IMG_20210919_142738-scaled-1.jpg\" alt=\"\" class=\"wp-image-15384\" srcset=\"https:\/\/ekonaut.org\/wp-content\/uploads\/2022\/04\/IMG_20210919_142738-scaled-1.jpg 640w, https:\/\/ekonaut.org\/wp-content\/uploads\/2022\/04\/IMG_20210919_142738-scaled-1-300x195.jpg 300w, https:\/\/ekonaut.org\/wp-content\/uploads\/2022\/04\/IMG_20210919_142738-scaled-1-18x12.jpg 18w\" sizes=\"(max-width: 640px) 100vw, 640px\" \/><\/figure>\n\n\n\n<figure class=\"wp-block-image size-large\"><img loading=\"lazy\" decoding=\"async\" width=\"640\" height=\"416\" data-id=\"15385\" src=\"https:\/\/ekonaut.org\/wp-content\/uploads\/2022\/04\/IMG_20210919_144250-scaled-1.jpg\" alt=\"\" class=\"wp-image-15385\" srcset=\"https:\/\/ekonaut.org\/wp-content\/uploads\/2022\/04\/IMG_20210919_144250-scaled-1.jpg 640w, https:\/\/ekonaut.org\/wp-content\/uploads\/2022\/04\/IMG_20210919_144250-scaled-1-300x195.jpg 300w, https:\/\/ekonaut.org\/wp-content\/uploads\/2022\/04\/IMG_20210919_144250-scaled-1-18x12.jpg 18w\" sizes=\"(max-width: 640px) 100vw, 640px\" \/><\/figure>\n\n\n\n<figure class=\"wp-block-image size-large\"><img loading=\"lazy\" decoding=\"async\" width=\"640\" height=\"480\" data-id=\"15386\" src=\"https:\/\/ekonaut.org\/wp-content\/uploads\/2022\/04\/IMG_20210919_144311-scaled-1.jpg\" alt=\"\" class=\"wp-image-15386\" srcset=\"https:\/\/ekonaut.org\/wp-content\/uploads\/2022\/04\/IMG_20210919_144311-scaled-1.jpg 640w, https:\/\/ekonaut.org\/wp-content\/uploads\/2022\/04\/IMG_20210919_144311-scaled-1-300x225.jpg 300w, https:\/\/ekonaut.org\/wp-content\/uploads\/2022\/04\/IMG_20210919_144311-scaled-1-16x12.jpg 16w\" sizes=\"(max-width: 640px) 100vw, 640px\" \/><\/figure>\n\n\n\n<figure class=\"wp-block-image size-large\"><img loading=\"lazy\" decoding=\"async\" width=\"640\" height=\"526\" data-id=\"15387\" src=\"https:\/\/ekonaut.org\/wp-content\/uploads\/2022\/04\/IMG_20210919_145430-scaled-1.jpg\" alt=\"\" class=\"wp-image-15387\" srcset=\"https:\/\/ekonaut.org\/wp-content\/uploads\/2022\/04\/IMG_20210919_145430-scaled-1.jpg 640w, https:\/\/ekonaut.org\/wp-content\/uploads\/2022\/04\/IMG_20210919_145430-scaled-1-300x247.jpg 300w, https:\/\/ekonaut.org\/wp-content\/uploads\/2022\/04\/IMG_20210919_145430-scaled-1-15x12.jpg 15w\" sizes=\"(max-width: 640px) 100vw, 640px\" \/><\/figure>\n\n\n\n<figure class=\"wp-block-image size-large\"><img loading=\"lazy\" decoding=\"async\" width=\"417\" height=\"417\" data-id=\"15388\" src=\"https:\/\/ekonaut.org\/wp-content\/uploads\/2022\/04\/242347024_393508032341110_3135951111655741442_n-1.jpg\" alt=\"\" class=\"wp-image-15388\" srcset=\"https:\/\/ekonaut.org\/wp-content\/uploads\/2022\/04\/242347024_393508032341110_3135951111655741442_n-1.jpg 417w, https:\/\/ekonaut.org\/wp-content\/uploads\/2022\/04\/242347024_393508032341110_3135951111655741442_n-1-300x300.jpg 300w, https:\/\/ekonaut.org\/wp-content\/uploads\/2022\/04\/242347024_393508032341110_3135951111655741442_n-1-150x150.jpg 150w, https:\/\/ekonaut.org\/wp-content\/uploads\/2022\/04\/242347024_393508032341110_3135951111655741442_n-1-12x12.jpg 12w, https:\/\/ekonaut.org\/wp-content\/uploads\/2022\/04\/242347024_393508032341110_3135951111655741442_n-1-75x75.jpg 75w, https:\/\/ekonaut.org\/wp-content\/uploads\/2022\/04\/242347024_393508032341110_3135951111655741442_n-1-350x350.jpg 350w\" sizes=\"(max-width: 417px) 100vw, 417px\" \/><\/figure>\n\n\n\n<figure class=\"wp-block-image size-large\"><img loading=\"lazy\" decoding=\"async\" width=\"417\" height=\"417\" data-id=\"15389\" src=\"https:\/\/ekonaut.org\/wp-content\/uploads\/2022\/04\/242124185_367399601732992_3277649857297380516_n.jpg\" alt=\"\" class=\"wp-image-15389\" srcset=\"https:\/\/ekonaut.org\/wp-content\/uploads\/2022\/04\/242124185_367399601732992_3277649857297380516_n.jpg 417w, https:\/\/ekonaut.org\/wp-content\/uploads\/2022\/04\/242124185_367399601732992_3277649857297380516_n-300x300.jpg 300w, https:\/\/ekonaut.org\/wp-content\/uploads\/2022\/04\/242124185_367399601732992_3277649857297380516_n-150x150.jpg 150w, https:\/\/ekonaut.org\/wp-content\/uploads\/2022\/04\/242124185_367399601732992_3277649857297380516_n-12x12.jpg 12w, https:\/\/ekonaut.org\/wp-content\/uploads\/2022\/04\/242124185_367399601732992_3277649857297380516_n-75x75.jpg 75w, https:\/\/ekonaut.org\/wp-content\/uploads\/2022\/04\/242124185_367399601732992_3277649857297380516_n-350x350.jpg 350w\" sizes=\"(max-width: 417px) 100vw, 417px\" \/><\/figure>\n<\/figure>\n\n\n\n<p>The project \"Initiative for Garden Communities\" is implemented within the project of the Belgrade Open School \"Green Incubator\", with financial support from the European Union and the Friedrich Ebert Foundation. The content of this site does not necessarily reflect the views of donors or the Belgrade Open School, and \"Ekonaut\" is solely responsible for it.  <\/p>\n\n\n\n<figure class=\"wp-block-image size-full is-resized\"><img loading=\"lazy\" decoding=\"async\" src=\"https:\/\/ekonaut.org\/wp-content\/uploads\/2022\/04\/EUzaTebe_text-1.png\" alt=\"\" class=\"wp-image-15355\" width=\"183\" height=\"94\" srcset=\"https:\/\/ekonaut.org\/wp-content\/uploads\/2022\/04\/EUzaTebe_text-1.png 506w, https:\/\/ekonaut.org\/wp-content\/uploads\/2022\/04\/EUzaTebe_text-1-300x154.png 300w, https:\/\/ekonaut.org\/wp-content\/uploads\/2022\/04\/EUzaTebe_text-1-18x9.png 18w\" sizes=\"(max-width: 183px) 100vw, 183px\" \/><\/figure>\n\n\n\n<p><\/p>","protected":false},"excerpt":{"rendered":"<p>Radionica \u201cKAKAV PARK \u017dELIMO?\u201d odr\u017eana je u nedelju, 19. septembra u okviru Dana kom\u0161ijskog okupljanja &#8211; \u201cDor\u0107ol park festa\u201d u organizaciji udru\u017eenja \u201cEkonaut\u201d i \u201cKom\u0161ije sa Dor\u0107ola\u201d. Na radionici,&nbsp; odr\u017eanoj u prostorijama \u201cGra\u0111anskih inicijativa\u201d, pokrenut je dijalog povodom inicijative da se ugao Mihizove ulice i Ulice Herceg Stjepana uredi kao park za sve generacije, u [&hellip;]<\/p>","protected":false},"author":1,"featured_media":15375,"comment_status":"closed","ping_status":"closed","sticky":false,"template":"","format":"standard","meta":{"jnews-multi-image_gallery":[],"jnews_single_post":{"subtitle":"","format":"standard","video":"","gallery":"","source_name":"","source_url":"","via_name":"","via_url":"","override_template":"0","override":[{"template":"1","single_blog_custom":"","parallax":"1","fullscreen":"1","layout":"right-sidebar","sidebar":"default-sidebar","second_sidebar":"default-sidebar","sticky_sidebar":"1","share_position":"top","share_float_style":"share-monocrhome","show_share_counter":"1","show_view_counter":"1","show_featured":"1","show_post_meta":"1","show_post_author":"1","show_post_author_image":"1","show_post_date":"1","post_date_format":"default","post_date_format_custom":"Y\/m\/d","show_post_category":"1","show_post_reading_time":"0","post_reading_time_wpm":"300","show_zoom_button":"0","zoom_button_out_step":"2","zoom_button_in_step":"3","show_post_tag":"1","show_prev_next_post":"1","show_popup_post":"1","number_popup_post":"1","show_author_box":"0","show_post_related":"0","show_inline_post_related":"0"}],"override_image_size":"0","image_override":[{"single_post_thumbnail_size":"crop-500","single_post_gallery_size":"crop-500"}],"trending_post":"0","trending_post_position":"meta","trending_post_label":"Trending","sponsored_post":"0","sponsored_post_label":"Sponsored by","sponsored_post_name":"","sponsored_post_url":"","sponsored_post_logo_enable":"0","sponsored_post_logo":"","sponsored_post_desc":"","disable_ad":"0"},"jnews_primary_category":{"id":""},"jnews_social_meta":{"fb_title":"","fb_description":"","fb_image":"","twitter_title":"","twitter_description":"","twitter_image":""},"jnews_review":[],"enable_review":"0","type":"percentage","name":"","summary":"","brand":"","sku":"","good":[{"good_text":""}],"bad":[{"bad_text":""}],"score_override":"","override_value":"","rating":[{"rating_text":"","rating_number":"10"}],"price":[{"shop":"","price":"","link":"","icon":""}],"jnews_override_counter":{"override_view_counter":"0","view_counter_number":"0","override_share_counter":"0","share_counter_number":"0","override_like_counter":"0","like_counter_number":"0","override_dislike_counter":"0","dislike_counter_number":"0"},"jnews_post_split":{"enable_post_split":"0","post_split":[{"template":"1","tag":"h2","numbering":"asc","mode":"normal","first":"0","enable_toc":"0","toc_type":"normal"}]},"footnotes":""},"categories":[44,199],"tags":[64,65,66,67,68],"class_list":["post-14356","post","type-post","status-publish","format-standard","has-post-thumbnail","hentry","category-vesti","category-199","tag-bastenske-zajednice","tag-gradske-baste","tag-klimatske-promene","tag-urbano-bastovanstvo","tag-zelena-infrastruktura"],"yoast_head":"<!-- This site is optimized with the Yoast SEO plugin v27.5 - https:\/\/yoast.com\/product\/yoast-seo-wordpress\/ -->\n<title>ODR\u017dANA RADIONICA &quot;KAKAV PARK \u017dELIMO&quot;<\/title>\n<meta name=\"description\" content=\"\u201cEkonaut\u201d sa udru\u017eenjem \u201cKom\u0161ije sa Dor\u0107ola\u201d organizovao radionicu\u00a0KAKAV PARK \u017dELIMO?. Radionica je bila deo \u201cDor\u0107ol park festa\u201d, dana kom\u0161ijskog okupljanja i dijaloga povodom inicijative da se ugao ulica Mihizove i Herceg Stjepana uredi kao kao zelena povr\u0161ina,\" \/>\n<meta name=\"robots\" content=\"index, follow, max-snippet:-1, max-image-preview:large, max-video-preview:-1\" \/>\n<link rel=\"canonical\" href=\"https:\/\/ekonaut.org\/en\/odrzana-radionica-kakav-park-zelimo-na-dorcol-park-festu\/\" \/>\n<meta property=\"og:locale\" content=\"en_GB\" \/>\n<meta property=\"og:type\" content=\"article\" \/>\n<meta property=\"og:title\" content=\"ODR\u017dANA RADIONICA &quot;KAKAV PARK \u017dELIMO&quot;\" \/>\n<meta property=\"og:description\" content=\"\u201cEkonaut\u201d sa udru\u017eenjem \u201cKom\u0161ije sa Dor\u0107ola\u201d organizovao radionicu\u00a0KAKAV PARK \u017dELIMO?. Radionica je bila deo \u201cDor\u0107ol park festa\u201d, dana kom\u0161ijskog okupljanja i dijaloga povodom inicijative da se ugao ulica Mihizove i Herceg Stjepana uredi kao kao zelena povr\u0161ina,\" \/>\n<meta property=\"og:url\" content=\"https:\/\/ekonaut.org\/en\/odrzana-radionica-kakav-park-zelimo-na-dorcol-park-festu\/\" \/>\n<meta property=\"og:site_name\" content=\"Priroda u gradu\" \/>\n<meta property=\"article:publisher\" content=\"https:\/\/www.facebook.com\/ekonaut.serbia\/\" \/>\n<meta property=\"article:published_time\" content=\"2021-09-20T11:56:02+00:00\" \/>\n<meta property=\"article:modified_time\" content=\"2022-04-02T01:33:35+00:00\" \/>\n<meta property=\"og:image\" content=\"https:\/\/ekonaut.org\/wp-content\/uploads\/2021\/09\/Komsije-sa-Dorcola.webp\" \/>\n\t<meta property=\"og:image:width\" content=\"1280\" \/>\n\t<meta property=\"og:image:height\" content=\"831\" \/>\n\t<meta property=\"og:image:type\" content=\"image\/webp\" \/>\n<meta name=\"author\" content=\"admin\" \/>\n<meta name=\"twitter:card\" content=\"summary_large_image\" \/>\n<meta name=\"twitter:label1\" content=\"Written by\" \/>\n\t<meta name=\"twitter:data1\" content=\"admin\" \/>\n\t<meta name=\"twitter:label2\" content=\"Estimated reading time\" \/>\n\t<meta name=\"twitter:data2\" content=\"3 minutes\" \/>\n<script type=\"application\/ld+json\" class=\"yoast-schema-graph\">{\"@context\":\"https:\\\/\\\/schema.org\",\"@graph\":[{\"@type\":\"Article\",\"@id\":\"https:\\\/\\\/ekonaut.org\\\/odrzana-radionica-kakav-park-zelimo-na-dorcol-park-festu\\\/#article\",\"isPartOf\":{\"@id\":\"https:\\\/\\\/ekonaut.org\\\/odrzana-radionica-kakav-park-zelimo-na-dorcol-park-festu\\\/\"},\"author\":{\"name\":\"admin\",\"@id\":\"https:\\\/\\\/ekonaut.org\\\/#\\\/schema\\\/person\\\/dd0c55c795264ed394034f47345f8154\"},\"headline\":\"Odr\u017eana radionica &#8222;Kakav park \u017eelimo&#8220; na &#8222;Dor\u0107ol park festu&#8220;\",\"datePublished\":\"2021-09-20T11:56:02+00:00\",\"dateModified\":\"2022-04-02T01:33:35+00:00\",\"mainEntityOfPage\":{\"@id\":\"https:\\\/\\\/ekonaut.org\\\/odrzana-radionica-kakav-park-zelimo-na-dorcol-park-festu\\\/\"},\"wordCount\":622,\"publisher\":{\"@id\":\"https:\\\/\\\/ekonaut.org\\\/#organization\"},\"image\":{\"@id\":\"https:\\\/\\\/ekonaut.org\\\/odrzana-radionica-kakav-park-zelimo-na-dorcol-park-festu\\\/#primaryimage\"},\"thumbnailUrl\":\"https:\\\/\\\/ekonaut.org\\\/wp-content\\\/uploads\\\/2021\\\/09\\\/Komsije-sa-Dorcola.webp\",\"keywords\":[\"ba\u0161tenske zajednice\",\"gradske ba\u0161te\",\"klimatske promene\",\"urbano ba\u0161tovanstvo\",\"zelena infrastruktura\"],\"articleSection\":[\"Vesti\",\"\u0415\u0423 \u0417\u0410 \u0422\u0415\u0411\u0415\"],\"inLanguage\":\"en-GB\"},{\"@type\":\"WebPage\",\"@id\":\"https:\\\/\\\/ekonaut.org\\\/odrzana-radionica-kakav-park-zelimo-na-dorcol-park-festu\\\/\",\"url\":\"https:\\\/\\\/ekonaut.org\\\/odrzana-radionica-kakav-park-zelimo-na-dorcol-park-festu\\\/\",\"name\":\"ODR\u017dANA RADIONICA \\\"KAKAV PARK \u017dELIMO\\\"\",\"isPartOf\":{\"@id\":\"https:\\\/\\\/ekonaut.org\\\/#website\"},\"primaryImageOfPage\":{\"@id\":\"https:\\\/\\\/ekonaut.org\\\/odrzana-radionica-kakav-park-zelimo-na-dorcol-park-festu\\\/#primaryimage\"},\"image\":{\"@id\":\"https:\\\/\\\/ekonaut.org\\\/odrzana-radionica-kakav-park-zelimo-na-dorcol-park-festu\\\/#primaryimage\"},\"thumbnailUrl\":\"https:\\\/\\\/ekonaut.org\\\/wp-content\\\/uploads\\\/2021\\\/09\\\/Komsije-sa-Dorcola.webp\",\"datePublished\":\"2021-09-20T11:56:02+00:00\",\"dateModified\":\"2022-04-02T01:33:35+00:00\",\"description\":\"\u201cEkonaut\u201d sa udru\u017eenjem \u201cKom\u0161ije sa Dor\u0107ola\u201d organizovao radionicu\u00a0KAKAV PARK \u017dELIMO?. Radionica je bila deo \u201cDor\u0107ol park festa\u201d, dana kom\u0161ijskog okupljanja i dijaloga povodom inicijative da se ugao ulica Mihizove i Herceg Stjepana uredi kao kao zelena povr\u0161ina,\",\"breadcrumb\":{\"@id\":\"https:\\\/\\\/ekonaut.org\\\/odrzana-radionica-kakav-park-zelimo-na-dorcol-park-festu\\\/#breadcrumb\"},\"inLanguage\":\"en-GB\",\"potentialAction\":[{\"@type\":\"ReadAction\",\"target\":[\"https:\\\/\\\/ekonaut.org\\\/odrzana-radionica-kakav-park-zelimo-na-dorcol-park-festu\\\/\"]}]},{\"@type\":\"ImageObject\",\"inLanguage\":\"en-GB\",\"@id\":\"https:\\\/\\\/ekonaut.org\\\/odrzana-radionica-kakav-park-zelimo-na-dorcol-park-festu\\\/#primaryimage\",\"url\":\"https:\\\/\\\/ekonaut.org\\\/wp-content\\\/uploads\\\/2021\\\/09\\\/Komsije-sa-Dorcola.webp\",\"contentUrl\":\"https:\\\/\\\/ekonaut.org\\\/wp-content\\\/uploads\\\/2021\\\/09\\\/Komsije-sa-Dorcola.webp\",\"width\":1280,\"height\":831},{\"@type\":\"BreadcrumbList\",\"@id\":\"https:\\\/\\\/ekonaut.org\\\/odrzana-radionica-kakav-park-zelimo-na-dorcol-park-festu\\\/#breadcrumb\",\"itemListElement\":[{\"@type\":\"ListItem\",\"position\":1,\"name\":\"Home\",\"item\":\"https:\\\/\\\/ekonaut.org\\\/\"},{\"@type\":\"ListItem\",\"position\":2,\"name\":\"Odr\u017eana radionica &#8222;Kakav park \u017eelimo&#8220; na &#8222;Dor\u0107ol park festu&#8220;\"}]},{\"@type\":\"WebSite\",\"@id\":\"https:\\\/\\\/ekonaut.org\\\/#website\",\"url\":\"https:\\\/\\\/ekonaut.org\\\/\",\"name\":\"Priroda u gradu\",\"description\":\"Sa\u010duvajmo prirodu u gradu\",\"publisher\":{\"@id\":\"https:\\\/\\\/ekonaut.org\\\/#organization\"},\"potentialAction\":[{\"@type\":\"SearchAction\",\"target\":{\"@type\":\"EntryPoint\",\"urlTemplate\":\"https:\\\/\\\/ekonaut.org\\\/?s={search_term_string}\"},\"query-input\":{\"@type\":\"PropertyValueSpecification\",\"valueRequired\":true,\"valueName\":\"search_term_string\"}}],\"inLanguage\":\"en-GB\"},{\"@type\":\"Organization\",\"@id\":\"https:\\\/\\\/ekonaut.org\\\/#organization\",\"name\":\"Priroda u gradu\",\"url\":\"https:\\\/\\\/ekonaut.org\\\/\",\"logo\":{\"@type\":\"ImageObject\",\"inLanguage\":\"en-GB\",\"@id\":\"https:\\\/\\\/ekonaut.org\\\/#\\\/schema\\\/logo\\\/image\\\/\",\"url\":\"https:\\\/\\\/ekonaut.org\\\/wp-content\\\/uploads\\\/2022\\\/03\\\/Ekonaut-logo.webp\",\"contentUrl\":\"https:\\\/\\\/ekonaut.org\\\/wp-content\\\/uploads\\\/2022\\\/03\\\/Ekonaut-logo.webp\",\"width\":230,\"height\":53,\"caption\":\"Priroda u gradu\"},\"image\":{\"@id\":\"https:\\\/\\\/ekonaut.org\\\/#\\\/schema\\\/logo\\\/image\\\/\"},\"sameAs\":[\"https:\\\/\\\/www.facebook.com\\\/ekonaut.serbia\\\/\",\"https:\\\/\\\/www.instagram.com\\\/ekonaut.srb\\\/?hl=en\",\"https:\\\/\\\/www.pinterest.com\\\/ekonautzdravac\\\/\"]},{\"@type\":\"Person\",\"@id\":\"https:\\\/\\\/ekonaut.org\\\/#\\\/schema\\\/person\\\/dd0c55c795264ed394034f47345f8154\",\"name\":\"admin\",\"sameAs\":[\"http:\\\/\\\/ekonaut.org\"],\"url\":\"https:\\\/\\\/ekonaut.org\\\/en\\\/author\\\/admin\\\/\"}]}<\/script>\n<!-- \/ Yoast SEO plugin. -->","yoast_head_json":{"title":"ODR\u017dANA RADIONICA \"KAKAV PARK \u017dELIMO\"","description":"\u201cEkonaut\u201d sa udru\u017eenjem \u201cKom\u0161ije sa Dor\u0107ola\u201d organizovao radionicu\u00a0KAKAV PARK \u017dELIMO?. Radionica je bila deo \u201cDor\u0107ol park festa\u201d, dana kom\u0161ijskog okupljanja i dijaloga povodom inicijative da se ugao ulica Mihizove i Herceg Stjepana uredi kao kao zelena povr\u0161ina,","robots":{"index":"index","follow":"follow","max-snippet":"max-snippet:-1","max-image-preview":"max-image-preview:large","max-video-preview":"max-video-preview:-1"},"canonical":"https:\/\/ekonaut.org\/en\/odrzana-radionica-kakav-park-zelimo-na-dorcol-park-festu\/","og_locale":"en_GB","og_type":"article","og_title":"ODR\u017dANA RADIONICA \"KAKAV PARK \u017dELIMO\"","og_description":"\u201cEkonaut\u201d sa udru\u017eenjem \u201cKom\u0161ije sa Dor\u0107ola\u201d organizovao radionicu\u00a0KAKAV PARK \u017dELIMO?. Radionica je bila deo \u201cDor\u0107ol park festa\u201d, dana kom\u0161ijskog okupljanja i dijaloga povodom inicijative da se ugao ulica Mihizove i Herceg Stjepana uredi kao kao zelena povr\u0161ina,","og_url":"https:\/\/ekonaut.org\/en\/odrzana-radionica-kakav-park-zelimo-na-dorcol-park-festu\/","og_site_name":"Priroda u gradu","article_publisher":"https:\/\/www.facebook.com\/ekonaut.serbia\/","article_published_time":"2021-09-20T11:56:02+00:00","article_modified_time":"2022-04-02T01:33:35+00:00","og_image":[{"width":1280,"height":831,"url":"https:\/\/ekonaut.org\/wp-content\/uploads\/2021\/09\/Komsije-sa-Dorcola.webp","type":"image\/webp"}],"author":"admin","twitter_card":"summary_large_image","twitter_misc":{"Written by":"admin","Estimated reading time":"3 minutes"},"schema":{"@context":"https:\/\/schema.org","@graph":[{"@type":"Article","@id":"https:\/\/ekonaut.org\/odrzana-radionica-kakav-park-zelimo-na-dorcol-park-festu\/#article","isPartOf":{"@id":"https:\/\/ekonaut.org\/odrzana-radionica-kakav-park-zelimo-na-dorcol-park-festu\/"},"author":{"name":"admin","@id":"https:\/\/ekonaut.org\/#\/schema\/person\/dd0c55c795264ed394034f47345f8154"},"headline":"Odr\u017eana radionica &#8222;Kakav park \u017eelimo&#8220; na &#8222;Dor\u0107ol park festu&#8220;","datePublished":"2021-09-20T11:56:02+00:00","dateModified":"2022-04-02T01:33:35+00:00","mainEntityOfPage":{"@id":"https:\/\/ekonaut.org\/odrzana-radionica-kakav-park-zelimo-na-dorcol-park-festu\/"},"wordCount":622,"publisher":{"@id":"https:\/\/ekonaut.org\/#organization"},"image":{"@id":"https:\/\/ekonaut.org\/odrzana-radionica-kakav-park-zelimo-na-dorcol-park-festu\/#primaryimage"},"thumbnailUrl":"https:\/\/ekonaut.org\/wp-content\/uploads\/2021\/09\/Komsije-sa-Dorcola.webp","keywords":["ba\u0161tenske zajednice","gradske ba\u0161te","klimatske promene","urbano ba\u0161tovanstvo","zelena infrastruktura"],"articleSection":["Vesti","\u0415\u0423 \u0417\u0410 \u0422\u0415\u0411\u0415"],"inLanguage":"en-GB"},{"@type":"WebPage","@id":"https:\/\/ekonaut.org\/odrzana-radionica-kakav-park-zelimo-na-dorcol-park-festu\/","url":"https:\/\/ekonaut.org\/odrzana-radionica-kakav-park-zelimo-na-dorcol-park-festu\/","name":"ODR\u017dANA RADIONICA \"KAKAV PARK \u017dELIMO\"","isPartOf":{"@id":"https:\/\/ekonaut.org\/#website"},"primaryImageOfPage":{"@id":"https:\/\/ekonaut.org\/odrzana-radionica-kakav-park-zelimo-na-dorcol-park-festu\/#primaryimage"},"image":{"@id":"https:\/\/ekonaut.org\/odrzana-radionica-kakav-park-zelimo-na-dorcol-park-festu\/#primaryimage"},"thumbnailUrl":"https:\/\/ekonaut.org\/wp-content\/uploads\/2021\/09\/Komsije-sa-Dorcola.webp","datePublished":"2021-09-20T11:56:02+00:00","dateModified":"2022-04-02T01:33:35+00:00","description":"\u201cEkonaut\u201d sa udru\u017eenjem \u201cKom\u0161ije sa Dor\u0107ola\u201d organizovao radionicu\u00a0KAKAV PARK \u017dELIMO?. Radionica je bila deo \u201cDor\u0107ol park festa\u201d, dana kom\u0161ijskog okupljanja i dijaloga povodom inicijative da se ugao ulica Mihizove i Herceg Stjepana uredi kao kao zelena povr\u0161ina,","breadcrumb":{"@id":"https:\/\/ekonaut.org\/odrzana-radionica-kakav-park-zelimo-na-dorcol-park-festu\/#breadcrumb"},"inLanguage":"en-GB","potentialAction":[{"@type":"ReadAction","target":["https:\/\/ekonaut.org\/odrzana-radionica-kakav-park-zelimo-na-dorcol-park-festu\/"]}]},{"@type":"ImageObject","inLanguage":"en-GB","@id":"https:\/\/ekonaut.org\/odrzana-radionica-kakav-park-zelimo-na-dorcol-park-festu\/#primaryimage","url":"https:\/\/ekonaut.org\/wp-content\/uploads\/2021\/09\/Komsije-sa-Dorcola.webp","contentUrl":"https:\/\/ekonaut.org\/wp-content\/uploads\/2021\/09\/Komsije-sa-Dorcola.webp","width":1280,"height":831},{"@type":"BreadcrumbList","@id":"https:\/\/ekonaut.org\/odrzana-radionica-kakav-park-zelimo-na-dorcol-park-festu\/#breadcrumb","itemListElement":[{"@type":"ListItem","position":1,"name":"Home","item":"https:\/\/ekonaut.org\/"},{"@type":"ListItem","position":2,"name":"Odr\u017eana radionica &#8222;Kakav park \u017eelimo&#8220; na &#8222;Dor\u0107ol park festu&#8220;"}]},{"@type":"WebSite","@id":"https:\/\/ekonaut.org\/#website","url":"https:\/\/ekonaut.org\/","name":"Priroda u gradu","description":"Sa\u010duvajmo prirodu u gradu","publisher":{"@id":"https:\/\/ekonaut.org\/#organization"},"potentialAction":[{"@type":"SearchAction","target":{"@type":"EntryPoint","urlTemplate":"https:\/\/ekonaut.org\/?s={search_term_string}"},"query-input":{"@type":"PropertyValueSpecification","valueRequired":true,"valueName":"search_term_string"}}],"inLanguage":"en-GB"},{"@type":"Organization","@id":"https:\/\/ekonaut.org\/#organization","name":"Priroda u gradu","url":"https:\/\/ekonaut.org\/","logo":{"@type":"ImageObject","inLanguage":"en-GB","@id":"https:\/\/ekonaut.org\/#\/schema\/logo\/image\/","url":"https:\/\/ekonaut.org\/wp-content\/uploads\/2022\/03\/Ekonaut-logo.webp","contentUrl":"https:\/\/ekonaut.org\/wp-content\/uploads\/2022\/03\/Ekonaut-logo.webp","width":230,"height":53,"caption":"Priroda u gradu"},"image":{"@id":"https:\/\/ekonaut.org\/#\/schema\/logo\/image\/"},"sameAs":["https:\/\/www.facebook.com\/ekonaut.serbia\/","https:\/\/www.instagram.com\/ekonaut.srb\/?hl=en","https:\/\/www.pinterest.com\/ekonautzdravac\/"]},{"@type":"Person","@id":"https:\/\/ekonaut.org\/#\/schema\/person\/dd0c55c795264ed394034f47345f8154","name":"admin","sameAs":["http:\/\/ekonaut.org"],"url":"https:\/\/ekonaut.org\/en\/author\/admin\/"}]}},"_links":{"self":[{"href":"https:\/\/ekonaut.org\/en\/wp-json\/wp\/v2\/posts\/14356","targetHints":{"allow":["GET"]}}],"collection":[{"href":"https:\/\/ekonaut.org\/en\/wp-json\/wp\/v2\/posts"}],"about":[{"href":"https:\/\/ekonaut.org\/en\/wp-json\/wp\/v2\/types\/post"}],"author":[{"embeddable":true,"href":"https:\/\/ekonaut.org\/en\/wp-json\/wp\/v2\/users\/1"}],"replies":[{"embeddable":true,"href":"https:\/\/ekonaut.org\/en\/wp-json\/wp\/v2\/comments?post=14356"}],"version-history":[{"count":2,"href":"https:\/\/ekonaut.org\/en\/wp-json\/wp\/v2\/posts\/14356\/revisions"}],"predecessor-version":[{"id":15390,"href":"https:\/\/ekonaut.org\/en\/wp-json\/wp\/v2\/posts\/14356\/revisions\/15390"}],"wp:featuredmedia":[{"embeddable":true,"href":"https:\/\/ekonaut.org\/en\/wp-json\/wp\/v2\/media\/15375"}],"wp:attachment":[{"href":"https:\/\/ekonaut.org\/en\/wp-json\/wp\/v2\/media?parent=14356"}],"wp:term":[{"taxonomy":"category","embeddable":true,"href":"https:\/\/ekonaut.org\/en\/wp-json\/wp\/v2\/categories?post=14356"},{"taxonomy":"post_tag","embeddable":true,"href":"https:\/\/ekonaut.org\/en\/wp-json\/wp\/v2\/tags?post=14356"}],"curies":[{"name":"wp","href":"https:\/\/api.w.org\/{rel}","templated":true}]}}