{"id":14238,"date":"2021-09-13T11:45:21","date_gmt":"2021-09-13T10:45:21","guid":{"rendered":"https:\/\/ekonaut.org\/?p=14238"},"modified":"2022-04-02T23:57:04","modified_gmt":"2022-04-02T23:57:04","slug":"pridruzite-nam-se-na-radionicamadorcol-park-festa-19-septembra","status":"publish","type":"post","link":"https:\/\/ekonaut.org\/en\/pridruzite-nam-se-na-radionicamadorcol-park-festa-19-septembra\/","title":{"rendered":"Join us at workshops \"Dor\u0107ol park fest\" on september 19"},"content":{"rendered":"<p class=\"translation-block\">Associations \"Ekonaut\" and \"Neighbors from Dor\u0107ol\" invite neighbors from the lower Dor\u0107ol of all generations to join us on Sunday, September 19, for the workshop WHAT KIND OF PARK DO WE WANT? in the premises of the association \"Neighbors from Dor\u0107ol\" at 55 Dobra\u010dina street, corner with Gunduli\u0107ev venac, from 12:00 to 2:00 PM, in order to play a game in which we would come up with the solutions for the park on the corner of Mihizova and Herceg Stjepanova, in accordance with user needs.<\/p>\n\n\n\n<p class=\"translation-block\">At the workshop WHAT KIND OF PARK DO WE WANT? both children and adults participate together in smaller groups, determining, during a given time interval of 30-45 minutes, in what way and to what extent certain elements of space \/e.g. children's facilities, space for socializing, greenery, etc.\/ should be represented in the given space. This workshop is a model of active, participatory public space design that is increasingly used in urban planning of micro locations, in order to involve the local community in planning and gain understanding of this process.<\/p>\n\n\n\n<p>You can register and confirm your participation in the workshop until Friday, September 17 at 5 pm via this <a href=\"https:\/\/forms.gle\/VbBB3TS8ppPBGByo6\" target=\"_blank\" rel=\"noreferrer noopener\"><strong>LINK<\/strong> <\/a><\/p>\n\n\n\n<p>The number of seats is limited to four park planning tables, with 5-6 participants per table.<\/p>\n\n\n\n<p><strong>Workshop moderators:<\/strong><\/p>\n\n\n\n<ul class=\"wp-block-list\"><li class=\"translation-block\">Milena Ivkovi\u0107 from Block 74, Rotterdam - is a Dutch-Serbian architect, urban designer and digital artist. She uses her knowledge of urban forms and co-design techniques to help improve public spaces for all, with all.<\/li><li>Sabina Keri\u0107 from Ekonaut, Belgrade - Develops projects based on the principles of sustainability and participation in the process of spatial planning and design. She deals with the popularization of green economy, explores solutions that improve public space by using common goods as places for culture and play.<\/li><\/ul>\n\n\n\n<p>Before the beginning of the workshop, Sabina Keri\u0107 from \"Ekonaut\" will present the concept of garden communities as a good tool for arranging public space for all generations. <\/p>\n\n\n\n<figure class=\"wp-block-image size-large\"><img fetchpriority=\"high\" decoding=\"async\" width=\"1024\" height=\"512\" src=\"https:\/\/ekonaut.org\/wp-content\/uploads\/2022\/04\/Radionica-za-decu-1024x512.webp\" alt=\"\" class=\"wp-image-15418\" srcset=\"https:\/\/ekonaut.org\/wp-content\/uploads\/2022\/04\/Radionica-za-decu-1024x512.webp 1024w, https:\/\/ekonaut.org\/wp-content\/uploads\/2022\/04\/Radionica-za-decu-300x150.webp 300w, https:\/\/ekonaut.org\/wp-content\/uploads\/2022\/04\/Radionica-za-decu-768x384.webp 768w, https:\/\/ekonaut.org\/wp-content\/uploads\/2022\/04\/Radionica-za-decu-1536x768.webp 1536w, https:\/\/ekonaut.org\/wp-content\/uploads\/2022\/04\/Radionica-za-decu-18x9.webp 18w, https:\/\/ekonaut.org\/wp-content\/uploads\/2022\/04\/Radionica-za-decu-360x180.webp 360w, https:\/\/ekonaut.org\/wp-content\/uploads\/2022\/04\/Radionica-za-decu-750x375.webp 750w, https:\/\/ekonaut.org\/wp-content\/uploads\/2022\/04\/Radionica-za-decu-1140x570.webp 1140w, https:\/\/ekonaut.org\/wp-content\/uploads\/2022\/04\/Radionica-za-decu.webp 1728w\" sizes=\"(max-width: 1024px) 100vw, 1024px\" \/><\/figure>\n\n\n\n<p class=\"translation-block\">The entire program of this first neighbor's day, which takes place on Sunday, September 19, is symbolically called \"Dor\u0107ol Park Fest\"<\/p>\n\n\n\n<p><strong>at 12 o'clock in 55 Dobra\u010dina street<\/strong><\/p>\n\n\n\n<ul class=\"wp-block-list\"><li>Presentation of garden communities as neighboring oases and meeting places<\/li><li>Guided workshop for children and adults - What kind of park do we want? \/ according to the survey results \/<\/li><li>Drawing workshop for children - Draw your park<\/li><\/ul>\n\n\n\n<p class=\"translation-block\">at 2 pm, the corner of Mihizova and Herceg Stjepana<\/p>\n\n\n\n<ul class=\"wp-block-list\"><li>Exhibition of children's works on the theme \"Draw your park\"<\/li><li>Guided workshop for children - Learn to plant and nurture plants<\/li><li>Award ceremony for the best of children's drawings, socializing with a cocktail and a DJ<\/li><\/ul>\n\n\n\n<p>.<\/p>\n\n\n\n<figure class=\"wp-block-image size-large\"><img decoding=\"async\" width=\"724\" height=\"1024\" src=\"https:\/\/ekonaut.org\/wp-content\/uploads\/2022\/04\/Plakat-dorcol-festa-724x1024.webp\" alt=\"\" class=\"wp-image-15419\" srcset=\"https:\/\/ekonaut.org\/wp-content\/uploads\/2022\/04\/Plakat-dorcol-festa-724x1024.webp 724w, https:\/\/ekonaut.org\/wp-content\/uploads\/2022\/04\/Plakat-dorcol-festa-212x300.webp 212w, https:\/\/ekonaut.org\/wp-content\/uploads\/2022\/04\/Plakat-dorcol-festa-768x1087.webp 768w, https:\/\/ekonaut.org\/wp-content\/uploads\/2022\/04\/Plakat-dorcol-festa-8x12.webp 8w, https:\/\/ekonaut.org\/wp-content\/uploads\/2022\/04\/Plakat-dorcol-festa-750x1061.webp 750w, https:\/\/ekonaut.org\/wp-content\/uploads\/2022\/04\/Plakat-dorcol-festa.webp 848w\" sizes=\"(max-width: 724px) 100vw, 724px\" \/><\/figure>\n\n\n\n<p>The project \"Initiative for Garden Communities\" is implemented within the project of the Belgrade Open School \"Green Incubator\", with financial support from the European Union and the Friedrich Ebert Foundation. The content of this site does not necessarily reflect the views of donors or the Belgrade Open School, and \"Ekonaut\" is solely responsible for it.  <\/p>\n\n\n\n<figure class=\"wp-block-image size-full is-resized\"><img decoding=\"async\" src=\"https:\/\/ekonaut.org\/wp-content\/uploads\/2022\/04\/EUzaTebe_text-1.png\" alt=\"\" class=\"wp-image-15355\" width=\"183\" height=\"95\" srcset=\"https:\/\/ekonaut.org\/wp-content\/uploads\/2022\/04\/EUzaTebe_text-1.png 506w, https:\/\/ekonaut.org\/wp-content\/uploads\/2022\/04\/EUzaTebe_text-1-300x154.png 300w, https:\/\/ekonaut.org\/wp-content\/uploads\/2022\/04\/EUzaTebe_text-1-18x9.png 18w\" sizes=\"(max-width: 183px) 100vw, 183px\" \/><\/figure>\n\n\n\n<p><\/p>","protected":false},"excerpt":{"rendered":"<p>Udru\u017eenja \u201eEkonaut\u201c i \u201eKom\u0161ije sa Dor\u0107ola\u201c pozivaju kom\u0161ije i kom\u0161inice sa donjeg Dor\u0107ola svih, generacija da nam se u nedelju 19. septembra pridru\u017ee na radionici KAKAV PARK \u017dELIMO? u prostorijama udru\u017eenja &#8222;Kom\u0161ije sa Dor\u0107ola&#8220; u Dobra\u010dinoj 55, ugao sa Gunduli\u0107evim vencem, od 12 do 14:00 \u010d., kako bi se u formi dru\u0161tvene igre poigrali sa [&hellip;]<\/p>","protected":false},"author":1,"featured_media":15418,"comment_status":"closed","ping_status":"closed","sticky":false,"template":"","format":"standard","meta":{"jnews-multi-image_gallery":[],"jnews_single_post":{"subtitle":"","format":"standard","video":"","gallery":"","source_name":"","source_url":"","via_name":"","via_url":"","override_template":"0","override":[{"template":"1","single_blog_custom":"","parallax":"1","fullscreen":"1","layout":"right-sidebar","sidebar":"default-sidebar","second_sidebar":"default-sidebar","sticky_sidebar":"1","share_position":"top","share_float_style":"share-monocrhome","show_share_counter":"1","show_view_counter":"1","show_featured":"1","show_post_meta":"1","show_post_author":"1","show_post_author_image":"1","show_post_date":"1","post_date_format":"default","post_date_format_custom":"Y\/m\/d","show_post_category":"1","show_post_reading_time":"0","post_reading_time_wpm":"300","show_zoom_button":"0","zoom_button_out_step":"2","zoom_button_in_step":"3","show_post_tag":"1","show_prev_next_post":"1","show_popup_post":"1","number_popup_post":"1","show_author_box":"0","show_post_related":"0","show_inline_post_related":"0"}],"override_image_size":"0","image_override":[{"single_post_thumbnail_size":"crop-500","single_post_gallery_size":"crop-500"}],"trending_post":"0","trending_post_position":"meta","trending_post_label":"Trending","sponsored_post":"0","sponsored_post_label":"Sponsored by","sponsored_post_name":"","sponsored_post_url":"","sponsored_post_logo_enable":"0","sponsored_post_logo":"","sponsored_post_desc":"","disable_ad":"0"},"jnews_primary_category":{"id":""},"jnews_social_meta":{"fb_title":"","fb_description":"","fb_image":"","twitter_title":"","twitter_description":"","twitter_image":""},"jnews_review":[],"enable_review":"0","type":"percentage","name":"","summary":"","brand":"","sku":"","good":[{"good_text":""}],"bad":[{"bad_text":""}],"score_override":"","override_value":"","rating":[{"rating_text":"","rating_number":"10"}],"price":[{"shop":"","price":"","link":"","icon":""}],"jnews_override_counter":{"override_view_counter":"0","view_counter_number":"0","override_share_counter":"0","share_counter_number":"0","override_like_counter":"0","like_counter_number":"0","override_dislike_counter":"0","dislike_counter_number":"0"},"jnews_post_split":{"enable_post_split":"0","post_split":[{"template":"1","tag":"h2","numbering":"asc","mode":"normal","first":"0","enable_toc":"0","toc_type":"normal"}]},"footnotes":""},"categories":[44,199],"tags":[64,65,66,67,68],"class_list":["post-14238","post","type-post","status-publish","format-standard","has-post-thumbnail","hentry","category-vesti","category-199","tag-bastenske-zajednice","tag-gradske-baste","tag-klimatske-promene","tag-urbano-bastovanstvo","tag-zelena-infrastruktura"],"yoast_head":"<!-- This site is optimized with the Yoast SEO plugin v27.5 - https:\/\/yoast.com\/product\/yoast-seo-wordpress\/ -->\n<title>PRIDRU\u017dITE NAM SE NA RADIONICAMA&quot;DOR\u0106OL PARK FESTA&quot;<\/title>\n<meta name=\"description\" content=\"Udru\u017eenja \u201eEkonaut\u201c i \u201eKom\u0161ije sa Dor\u0107ola\u201c pozivaju kom\u0161ije i kom\u0161inice svih generacija da nam se 19. septembra kako bi se u formi dru\u0161tvene igre poigrali sa idejama elemanata za ure\u0111enje konkretnog prostora.\" \/>\n<meta name=\"robots\" content=\"index, follow, max-snippet:-1, max-image-preview:large, max-video-preview:-1\" \/>\n<link rel=\"canonical\" href=\"https:\/\/ekonaut.org\/en\/pridruzite-nam-se-na-radionicamadorcol-park-festa-19-septembra\/\" \/>\n<meta property=\"og:locale\" content=\"en_GB\" \/>\n<meta property=\"og:type\" content=\"article\" \/>\n<meta property=\"og:title\" content=\"PRIDRU\u017dITE NAM SE NA RADIONICAMA&quot;DOR\u0106OL PARK FESTA&quot;\" \/>\n<meta property=\"og:description\" content=\"Udru\u017eenja \u201eEkonaut\u201c i \u201eKom\u0161ije sa Dor\u0107ola\u201c pozivaju kom\u0161ije i kom\u0161inice svih generacija da nam se 19. septembra kako bi se u formi dru\u0161tvene igre poigrali sa idejama elemanata za ure\u0111enje konkretnog prostora.\" \/>\n<meta property=\"og:url\" content=\"https:\/\/ekonaut.org\/en\/pridruzite-nam-se-na-radionicamadorcol-park-festa-19-septembra\/\" \/>\n<meta property=\"og:site_name\" content=\"Priroda u gradu\" \/>\n<meta property=\"article:publisher\" content=\"https:\/\/www.facebook.com\/ekonaut.serbia\/\" \/>\n<meta property=\"article:published_time\" content=\"2021-09-13T10:45:21+00:00\" \/>\n<meta property=\"article:modified_time\" content=\"2022-04-02T23:57:04+00:00\" \/>\n<meta property=\"og:image\" content=\"https:\/\/ekonaut.org\/wp-content\/uploads\/2022\/04\/Radionica-za-decu.webp\" \/>\n\t<meta property=\"og:image:width\" content=\"1728\" \/>\n\t<meta property=\"og:image:height\" content=\"864\" \/>\n\t<meta property=\"og:image:type\" content=\"image\/webp\" \/>\n<meta name=\"author\" content=\"admin\" \/>\n<meta name=\"twitter:card\" content=\"summary_large_image\" \/>\n<meta name=\"twitter:label1\" content=\"Written by\" \/>\n\t<meta name=\"twitter:data1\" content=\"admin\" \/>\n\t<meta name=\"twitter:label2\" content=\"Estimated reading time\" \/>\n\t<meta name=\"twitter:data2\" content=\"2 minutes\" \/>\n<script type=\"application\/ld+json\" class=\"yoast-schema-graph\">{\"@context\":\"https:\\\/\\\/schema.org\",\"@graph\":[{\"@type\":\"Article\",\"@id\":\"https:\\\/\\\/ekonaut.org\\\/pridruzite-nam-se-na-radionicamadorcol-park-festa-19-septembra\\\/#article\",\"isPartOf\":{\"@id\":\"https:\\\/\\\/ekonaut.org\\\/pridruzite-nam-se-na-radionicamadorcol-park-festa-19-septembra\\\/\"},\"author\":{\"name\":\"admin\",\"@id\":\"https:\\\/\\\/ekonaut.org\\\/#\\\/schema\\\/person\\\/dd0c55c795264ed394034f47345f8154\"},\"headline\":\"Pridru\u017eite nam se na radionicama &#8222;Dor\u0107ol park festa&#8220; 19. septembra\",\"datePublished\":\"2021-09-13T10:45:21+00:00\",\"dateModified\":\"2022-04-02T23:57:04+00:00\",\"mainEntityOfPage\":{\"@id\":\"https:\\\/\\\/ekonaut.org\\\/pridruzite-nam-se-na-radionicamadorcol-park-festa-19-septembra\\\/\"},\"wordCount\":486,\"publisher\":{\"@id\":\"https:\\\/\\\/ekonaut.org\\\/#organization\"},\"image\":{\"@id\":\"https:\\\/\\\/ekonaut.org\\\/pridruzite-nam-se-na-radionicamadorcol-park-festa-19-septembra\\\/#primaryimage\"},\"thumbnailUrl\":\"https:\\\/\\\/ekonaut.org\\\/wp-content\\\/uploads\\\/2022\\\/04\\\/Radionica-za-decu.webp\",\"keywords\":[\"ba\u0161tenske zajednice\",\"gradske ba\u0161te\",\"klimatske promene\",\"urbano ba\u0161tovanstvo\",\"zelena infrastruktura\"],\"articleSection\":[\"Vesti\",\"\u0415\u0423 \u0417\u0410 \u0422\u0415\u0411\u0415\"],\"inLanguage\":\"en-GB\"},{\"@type\":\"WebPage\",\"@id\":\"https:\\\/\\\/ekonaut.org\\\/pridruzite-nam-se-na-radionicamadorcol-park-festa-19-septembra\\\/\",\"url\":\"https:\\\/\\\/ekonaut.org\\\/pridruzite-nam-se-na-radionicamadorcol-park-festa-19-septembra\\\/\",\"name\":\"PRIDRU\u017dITE NAM SE NA RADIONICAMA\\\"DOR\u0106OL PARK FESTA\\\"\",\"isPartOf\":{\"@id\":\"https:\\\/\\\/ekonaut.org\\\/#website\"},\"primaryImageOfPage\":{\"@id\":\"https:\\\/\\\/ekonaut.org\\\/pridruzite-nam-se-na-radionicamadorcol-park-festa-19-septembra\\\/#primaryimage\"},\"image\":{\"@id\":\"https:\\\/\\\/ekonaut.org\\\/pridruzite-nam-se-na-radionicamadorcol-park-festa-19-septembra\\\/#primaryimage\"},\"thumbnailUrl\":\"https:\\\/\\\/ekonaut.org\\\/wp-content\\\/uploads\\\/2022\\\/04\\\/Radionica-za-decu.webp\",\"datePublished\":\"2021-09-13T10:45:21+00:00\",\"dateModified\":\"2022-04-02T23:57:04+00:00\",\"description\":\"Udru\u017eenja \u201eEkonaut\u201c i \u201eKom\u0161ije sa Dor\u0107ola\u201c pozivaju kom\u0161ije i kom\u0161inice svih generacija da nam se 19. septembra kako bi se u formi dru\u0161tvene igre poigrali sa idejama elemanata za ure\u0111enje konkretnog prostora.\",\"breadcrumb\":{\"@id\":\"https:\\\/\\\/ekonaut.org\\\/pridruzite-nam-se-na-radionicamadorcol-park-festa-19-septembra\\\/#breadcrumb\"},\"inLanguage\":\"en-GB\",\"potentialAction\":[{\"@type\":\"ReadAction\",\"target\":[\"https:\\\/\\\/ekonaut.org\\\/pridruzite-nam-se-na-radionicamadorcol-park-festa-19-septembra\\\/\"]}]},{\"@type\":\"ImageObject\",\"inLanguage\":\"en-GB\",\"@id\":\"https:\\\/\\\/ekonaut.org\\\/pridruzite-nam-se-na-radionicamadorcol-park-festa-19-septembra\\\/#primaryimage\",\"url\":\"https:\\\/\\\/ekonaut.org\\\/wp-content\\\/uploads\\\/2022\\\/04\\\/Radionica-za-decu.webp\",\"contentUrl\":\"https:\\\/\\\/ekonaut.org\\\/wp-content\\\/uploads\\\/2022\\\/04\\\/Radionica-za-decu.webp\",\"width\":1728,\"height\":864},{\"@type\":\"BreadcrumbList\",\"@id\":\"https:\\\/\\\/ekonaut.org\\\/pridruzite-nam-se-na-radionicamadorcol-park-festa-19-septembra\\\/#breadcrumb\",\"itemListElement\":[{\"@type\":\"ListItem\",\"position\":1,\"name\":\"Home\",\"item\":\"https:\\\/\\\/ekonaut.org\\\/\"},{\"@type\":\"ListItem\",\"position\":2,\"name\":\"Pridru\u017eite nam se na radionicama &#8222;Dor\u0107ol park festa&#8220; 19. septembra\"}]},{\"@type\":\"WebSite\",\"@id\":\"https:\\\/\\\/ekonaut.org\\\/#website\",\"url\":\"https:\\\/\\\/ekonaut.org\\\/\",\"name\":\"Priroda u gradu\",\"description\":\"Sa\u010duvajmo prirodu u gradu\",\"publisher\":{\"@id\":\"https:\\\/\\\/ekonaut.org\\\/#organization\"},\"potentialAction\":[{\"@type\":\"SearchAction\",\"target\":{\"@type\":\"EntryPoint\",\"urlTemplate\":\"https:\\\/\\\/ekonaut.org\\\/?s={search_term_string}\"},\"query-input\":{\"@type\":\"PropertyValueSpecification\",\"valueRequired\":true,\"valueName\":\"search_term_string\"}}],\"inLanguage\":\"en-GB\"},{\"@type\":\"Organization\",\"@id\":\"https:\\\/\\\/ekonaut.org\\\/#organization\",\"name\":\"Priroda u gradu\",\"url\":\"https:\\\/\\\/ekonaut.org\\\/\",\"logo\":{\"@type\":\"ImageObject\",\"inLanguage\":\"en-GB\",\"@id\":\"https:\\\/\\\/ekonaut.org\\\/#\\\/schema\\\/logo\\\/image\\\/\",\"url\":\"https:\\\/\\\/ekonaut.org\\\/wp-content\\\/uploads\\\/2022\\\/03\\\/Ekonaut-logo.webp\",\"contentUrl\":\"https:\\\/\\\/ekonaut.org\\\/wp-content\\\/uploads\\\/2022\\\/03\\\/Ekonaut-logo.webp\",\"width\":230,\"height\":53,\"caption\":\"Priroda u gradu\"},\"image\":{\"@id\":\"https:\\\/\\\/ekonaut.org\\\/#\\\/schema\\\/logo\\\/image\\\/\"},\"sameAs\":[\"https:\\\/\\\/www.facebook.com\\\/ekonaut.serbia\\\/\",\"https:\\\/\\\/www.instagram.com\\\/ekonaut.srb\\\/?hl=en\",\"https:\\\/\\\/www.pinterest.com\\\/ekonautzdravac\\\/\"]},{\"@type\":\"Person\",\"@id\":\"https:\\\/\\\/ekonaut.org\\\/#\\\/schema\\\/person\\\/dd0c55c795264ed394034f47345f8154\",\"name\":\"admin\",\"sameAs\":[\"http:\\\/\\\/ekonaut.org\"],\"url\":\"https:\\\/\\\/ekonaut.org\\\/en\\\/author\\\/admin\\\/\"}]}<\/script>\n<!-- \/ Yoast SEO plugin. -->","yoast_head_json":{"title":"PRIDRU\u017dITE NAM SE NA RADIONICAMA\"DOR\u0106OL PARK FESTA\"","description":"Udru\u017eenja \u201eEkonaut\u201c i \u201eKom\u0161ije sa Dor\u0107ola\u201c pozivaju kom\u0161ije i kom\u0161inice svih generacija da nam se 19. septembra kako bi se u formi dru\u0161tvene igre poigrali sa idejama elemanata za ure\u0111enje konkretnog prostora.","robots":{"index":"index","follow":"follow","max-snippet":"max-snippet:-1","max-image-preview":"max-image-preview:large","max-video-preview":"max-video-preview:-1"},"canonical":"https:\/\/ekonaut.org\/en\/pridruzite-nam-se-na-radionicamadorcol-park-festa-19-septembra\/","og_locale":"en_GB","og_type":"article","og_title":"PRIDRU\u017dITE NAM SE NA RADIONICAMA\"DOR\u0106OL PARK FESTA\"","og_description":"Udru\u017eenja \u201eEkonaut\u201c i \u201eKom\u0161ije sa Dor\u0107ola\u201c pozivaju kom\u0161ije i kom\u0161inice svih generacija da nam se 19. septembra kako bi se u formi dru\u0161tvene igre poigrali sa idejama elemanata za ure\u0111enje konkretnog prostora.","og_url":"https:\/\/ekonaut.org\/en\/pridruzite-nam-se-na-radionicamadorcol-park-festa-19-septembra\/","og_site_name":"Priroda u gradu","article_publisher":"https:\/\/www.facebook.com\/ekonaut.serbia\/","article_published_time":"2021-09-13T10:45:21+00:00","article_modified_time":"2022-04-02T23:57:04+00:00","og_image":[{"width":1728,"height":864,"url":"https:\/\/ekonaut.org\/wp-content\/uploads\/2022\/04\/Radionica-za-decu.webp","type":"image\/webp"}],"author":"admin","twitter_card":"summary_large_image","twitter_misc":{"Written by":"admin","Estimated reading time":"2 minutes"},"schema":{"@context":"https:\/\/schema.org","@graph":[{"@type":"Article","@id":"https:\/\/ekonaut.org\/pridruzite-nam-se-na-radionicamadorcol-park-festa-19-septembra\/#article","isPartOf":{"@id":"https:\/\/ekonaut.org\/pridruzite-nam-se-na-radionicamadorcol-park-festa-19-septembra\/"},"author":{"name":"admin","@id":"https:\/\/ekonaut.org\/#\/schema\/person\/dd0c55c795264ed394034f47345f8154"},"headline":"Pridru\u017eite nam se na radionicama &#8222;Dor\u0107ol park festa&#8220; 19. septembra","datePublished":"2021-09-13T10:45:21+00:00","dateModified":"2022-04-02T23:57:04+00:00","mainEntityOfPage":{"@id":"https:\/\/ekonaut.org\/pridruzite-nam-se-na-radionicamadorcol-park-festa-19-septembra\/"},"wordCount":486,"publisher":{"@id":"https:\/\/ekonaut.org\/#organization"},"image":{"@id":"https:\/\/ekonaut.org\/pridruzite-nam-se-na-radionicamadorcol-park-festa-19-septembra\/#primaryimage"},"thumbnailUrl":"https:\/\/ekonaut.org\/wp-content\/uploads\/2022\/04\/Radionica-za-decu.webp","keywords":["ba\u0161tenske zajednice","gradske ba\u0161te","klimatske promene","urbano ba\u0161tovanstvo","zelena infrastruktura"],"articleSection":["Vesti","\u0415\u0423 \u0417\u0410 \u0422\u0415\u0411\u0415"],"inLanguage":"en-GB"},{"@type":"WebPage","@id":"https:\/\/ekonaut.org\/pridruzite-nam-se-na-radionicamadorcol-park-festa-19-septembra\/","url":"https:\/\/ekonaut.org\/pridruzite-nam-se-na-radionicamadorcol-park-festa-19-septembra\/","name":"PRIDRU\u017dITE NAM SE NA RADIONICAMA\"DOR\u0106OL PARK FESTA\"","isPartOf":{"@id":"https:\/\/ekonaut.org\/#website"},"primaryImageOfPage":{"@id":"https:\/\/ekonaut.org\/pridruzite-nam-se-na-radionicamadorcol-park-festa-19-septembra\/#primaryimage"},"image":{"@id":"https:\/\/ekonaut.org\/pridruzite-nam-se-na-radionicamadorcol-park-festa-19-septembra\/#primaryimage"},"thumbnailUrl":"https:\/\/ekonaut.org\/wp-content\/uploads\/2022\/04\/Radionica-za-decu.webp","datePublished":"2021-09-13T10:45:21+00:00","dateModified":"2022-04-02T23:57:04+00:00","description":"Udru\u017eenja \u201eEkonaut\u201c i \u201eKom\u0161ije sa Dor\u0107ola\u201c pozivaju kom\u0161ije i kom\u0161inice svih generacija da nam se 19. septembra kako bi se u formi dru\u0161tvene igre poigrali sa idejama elemanata za ure\u0111enje konkretnog prostora.","breadcrumb":{"@id":"https:\/\/ekonaut.org\/pridruzite-nam-se-na-radionicamadorcol-park-festa-19-septembra\/#breadcrumb"},"inLanguage":"en-GB","potentialAction":[{"@type":"ReadAction","target":["https:\/\/ekonaut.org\/pridruzite-nam-se-na-radionicamadorcol-park-festa-19-septembra\/"]}]},{"@type":"ImageObject","inLanguage":"en-GB","@id":"https:\/\/ekonaut.org\/pridruzite-nam-se-na-radionicamadorcol-park-festa-19-septembra\/#primaryimage","url":"https:\/\/ekonaut.org\/wp-content\/uploads\/2022\/04\/Radionica-za-decu.webp","contentUrl":"https:\/\/ekonaut.org\/wp-content\/uploads\/2022\/04\/Radionica-za-decu.webp","width":1728,"height":864},{"@type":"BreadcrumbList","@id":"https:\/\/ekonaut.org\/pridruzite-nam-se-na-radionicamadorcol-park-festa-19-septembra\/#breadcrumb","itemListElement":[{"@type":"ListItem","position":1,"name":"Home","item":"https:\/\/ekonaut.org\/"},{"@type":"ListItem","position":2,"name":"Pridru\u017eite nam se na radionicama &#8222;Dor\u0107ol park festa&#8220; 19. septembra"}]},{"@type":"WebSite","@id":"https:\/\/ekonaut.org\/#website","url":"https:\/\/ekonaut.org\/","name":"Priroda u gradu","description":"Sa\u010duvajmo prirodu u gradu","publisher":{"@id":"https:\/\/ekonaut.org\/#organization"},"potentialAction":[{"@type":"SearchAction","target":{"@type":"EntryPoint","urlTemplate":"https:\/\/ekonaut.org\/?s={search_term_string}"},"query-input":{"@type":"PropertyValueSpecification","valueRequired":true,"valueName":"search_term_string"}}],"inLanguage":"en-GB"},{"@type":"Organization","@id":"https:\/\/ekonaut.org\/#organization","name":"Priroda u gradu","url":"https:\/\/ekonaut.org\/","logo":{"@type":"ImageObject","inLanguage":"en-GB","@id":"https:\/\/ekonaut.org\/#\/schema\/logo\/image\/","url":"https:\/\/ekonaut.org\/wp-content\/uploads\/2022\/03\/Ekonaut-logo.webp","contentUrl":"https:\/\/ekonaut.org\/wp-content\/uploads\/2022\/03\/Ekonaut-logo.webp","width":230,"height":53,"caption":"Priroda u gradu"},"image":{"@id":"https:\/\/ekonaut.org\/#\/schema\/logo\/image\/"},"sameAs":["https:\/\/www.facebook.com\/ekonaut.serbia\/","https:\/\/www.instagram.com\/ekonaut.srb\/?hl=en","https:\/\/www.pinterest.com\/ekonautzdravac\/"]},{"@type":"Person","@id":"https:\/\/ekonaut.org\/#\/schema\/person\/dd0c55c795264ed394034f47345f8154","name":"admin","sameAs":["http:\/\/ekonaut.org"],"url":"https:\/\/ekonaut.org\/en\/author\/admin\/"}]}},"_links":{"self":[{"href":"https:\/\/ekonaut.org\/en\/wp-json\/wp\/v2\/posts\/14238","targetHints":{"allow":["GET"]}}],"collection":[{"href":"https:\/\/ekonaut.org\/en\/wp-json\/wp\/v2\/posts"}],"about":[{"href":"https:\/\/ekonaut.org\/en\/wp-json\/wp\/v2\/types\/post"}],"author":[{"embeddable":true,"href":"https:\/\/ekonaut.org\/en\/wp-json\/wp\/v2\/users\/1"}],"replies":[{"embeddable":true,"href":"https:\/\/ekonaut.org\/en\/wp-json\/wp\/v2\/comments?post=14238"}],"version-history":[{"count":1,"href":"https:\/\/ekonaut.org\/en\/wp-json\/wp\/v2\/posts\/14238\/revisions"}],"predecessor-version":[{"id":15420,"href":"https:\/\/ekonaut.org\/en\/wp-json\/wp\/v2\/posts\/14238\/revisions\/15420"}],"wp:featuredmedia":[{"embeddable":true,"href":"https:\/\/ekonaut.org\/en\/wp-json\/wp\/v2\/media\/15418"}],"wp:attachment":[{"href":"https:\/\/ekonaut.org\/en\/wp-json\/wp\/v2\/media?parent=14238"}],"wp:term":[{"taxonomy":"category","embeddable":true,"href":"https:\/\/ekonaut.org\/en\/wp-json\/wp\/v2\/categories?post=14238"},{"taxonomy":"post_tag","embeddable":true,"href":"https:\/\/ekonaut.org\/en\/wp-json\/wp\/v2\/tags?post=14238"}],"curies":[{"name":"wp","href":"https:\/\/api.w.org\/{rel}","templated":true}]}}