{"id":14179,"date":"2021-09-01T20:45:07","date_gmt":"2021-09-01T19:45:07","guid":{"rendered":"https:\/\/ekonaut.org\/?p=14179"},"modified":"2022-04-03T00:18:02","modified_gmt":"2022-04-03T00:18:02","slug":"ekonaut-pokrece-inicijativu-za-bastenske-zajednice","status":"publish","type":"post","link":"https:\/\/ekonaut.org\/en\/ekonaut-pokrece-inicijativu-za-bastenske-zajednice\/","title":{"rendered":"Initiative for community gardens"},"content":{"rendered":"<p>Due to various pollution factors, the upcoming climate crisis and uncontrolled investor urbanism that threaten the green infrastructure and public space of Belgrade, the quality of life in the city is declining and the need for new solutions is emerging. The trend of increasing traffic and areas of construction land, while reducing and neglecting green areas, is a long-term threat to the health of children and citizens of Belgrade. With the desire to influence public policies in the field of urbanism, through strategies and plans dealing with the development of the city of Belgrade at the macro and micro level, the project \"Initiatives for urban garden communities\" continues after a two-year break and brings a series of new activities. We believe that creating a favorable framework for the formation of urban garden communities would contribute to the fight against climate change, environmental protection and the development and strengthening of social structures in local communities.<\/p>\n\n\n\n<p>The formation of a system of urban garden communities in many cities of the world is recognized as one of the tools for development and sustainable management of urban spaces, but also as a means to provide food sources at the local level and achieve microclimatic, social and economic benefits. Urban garden communities are open areas where individuals or groups grow plants of their choice. They exist in most European cities and have numerous socially useful purposes, such as physical and social rehabilitation, opportunities for work and employment of economically vulnerable population strata, animation of elderly citizens and enabling all generations to pursue healthy hobbies in horticulture, gardening and vegetable growing. Such places have both historical and cultural value and often become popular picnic areas with additional facilities and an accessible source of healthy food. The application of good European models of the system of urban garden communities would improve the quality of life in Belgrade, as well as the process of adaptation to climate change. For these reasons, this project seeks to contribute to the functional use of non-purpose public and private areas while reducing pollution factors and negative climate impacts, to accelerate the development of the local green economy and strengthen the potential of citizens and relevant professions as agents of change in their community.<\/p>\n\n\n\n<figure class=\"wp-block-image size-large\"><img fetchpriority=\"high\" decoding=\"async\" width=\"1024\" height=\"768\" src=\"https:\/\/ekonaut.org\/wp-content\/uploads\/2022\/04\/IMG_20210703_153606-scaled-min-1024x768.jpg\" alt=\"\" class=\"wp-image-15421\" srcset=\"https:\/\/ekonaut.org\/wp-content\/uploads\/2022\/04\/IMG_20210703_153606-scaled-min-1024x768.jpg 1024w, https:\/\/ekonaut.org\/wp-content\/uploads\/2022\/04\/IMG_20210703_153606-scaled-min-300x225.jpg 300w, https:\/\/ekonaut.org\/wp-content\/uploads\/2022\/04\/IMG_20210703_153606-scaled-min-768x576.jpg 768w, https:\/\/ekonaut.org\/wp-content\/uploads\/2022\/04\/IMG_20210703_153606-scaled-min-16x12.jpg 16w, https:\/\/ekonaut.org\/wp-content\/uploads\/2022\/04\/IMG_20210703_153606-scaled-min-750x563.jpg 750w, https:\/\/ekonaut.org\/wp-content\/uploads\/2022\/04\/IMG_20210703_153606-scaled-min-1140x855.jpg 1140w, https:\/\/ekonaut.org\/wp-content\/uploads\/2022\/04\/IMG_20210703_153606-scaled-min.jpg 1280w\" sizes=\"(max-width: 1024px) 100vw, 1024px\" \/><\/figure>\n\n\n\n<p>Through field research, Ekonaut found out that over 100 hectares of open public areas in Belgrade, including public and private land, are used for informal cultivation of vegetables, fruits and ornamental plants. Some of them, near the apartment blocks of New Belgrade, Karaburma, Banjica, Be\u017eanijska kosa, Ko\u0161utnjak and many other neighborhoods, have existed for decades. Current users of informal garden communities in Belgrade often face a number of problems due to their unregulated status when they want to improve the areas they cultivate. Such garden communities do not have the appropriate infrastructure and organization needed for their functioning, so they are often a place for dumping construction debris and garbage, illegal construction and communal litter, and with little investment they could be city oases and gathering places for the local community.<\/p>\n\n\n\n<p>Ekonaut has been working on presenting and researching the concept of garden communities for years, by organizing public events, presenting examples of good practice from abroad and encouraging the establishment of two garden communities in Belgrade. In this cycle, together with our partners, we will focus on specific public policies and through cooperation with experts and citizens contribute to the realization of a system solution for managing areas that are not correctly used, but can have numerous benefits for local communities and the city as a whole. Although the project takes place in Belgrade, initiatives from other cities in Serbia that could benefit from these activities and that we would support and establish cooperation are also welcome.<\/p>\n\n\n\n<figure class=\"wp-block-image size-large\"><img decoding=\"async\" width=\"1024\" height=\"641\" src=\"https:\/\/ekonaut.org\/wp-content\/uploads\/2022\/04\/IMG_20210703_100951-scaled-min-1024x641.jpg\" alt=\"\" class=\"wp-image-15423\" srcset=\"https:\/\/ekonaut.org\/wp-content\/uploads\/2022\/04\/IMG_20210703_100951-scaled-min-1024x641.jpg 1024w, https:\/\/ekonaut.org\/wp-content\/uploads\/2022\/04\/IMG_20210703_100951-scaled-min-300x188.jpg 300w, https:\/\/ekonaut.org\/wp-content\/uploads\/2022\/04\/IMG_20210703_100951-scaled-min-768x481.jpg 768w, https:\/\/ekonaut.org\/wp-content\/uploads\/2022\/04\/IMG_20210703_100951-scaled-min-18x12.jpg 18w, https:\/\/ekonaut.org\/wp-content\/uploads\/2022\/04\/IMG_20210703_100951-scaled-min-750x469.jpg 750w, https:\/\/ekonaut.org\/wp-content\/uploads\/2022\/04\/IMG_20210703_100951-scaled-min-1140x713.jpg 1140w, https:\/\/ekonaut.org\/wp-content\/uploads\/2022\/04\/IMG_20210703_100951-scaled-min.jpg 1280w\" sizes=\"(max-width: 1024px) 100vw, 1024px\" \/><\/figure>\n\n\n\n<p>The project anticipates active participation of citizens through their education and informing about the concept of garden communities and direct involvement in project activities. One of such activities will be a public call for citizens to get involved in mapping potential spaces for garden communities in the territory of Belgrade. These can be public or private areas that citizens already use for growing plants or beekeeping, as well as locations that have the potential to be used this way, but are currently neglected or scruffy.<\/p>\n\n\n\n<p>In this project, within a year, Ekonaut plans a series of educational activities related to growing ornamental plants and food in urban conditions, as well as ways of forming and organizing garden communities in order to empower local communities and individuals to influence the arrangement of green areas in their environment. The project pays special attention to the inclusion of formal and informal civic initiatives that have already gathered around solving local problems related to the arrangement and use of public areas in local communities.<\/p>\n\n\n\n<p>The project \"Initiative for Garden Communities\" is implemented within the project of the Belgrade Open School \"Green Incubator\", with financial support from the European Union and the Friedrich Ebert Foundation. The content of this site does not necessarily reflect the views of donors or the Belgrade Open School, and \"Ekonaut\" is solely responsible for it.  <\/p>\n\n\n\n<figure class=\"wp-block-image size-full is-resized\"><img decoding=\"async\" src=\"https:\/\/ekonaut.org\/wp-content\/uploads\/2022\/04\/EUzaTebe_text-1.png\" alt=\"\" class=\"wp-image-15355\" width=\"183\" height=\"95\" srcset=\"https:\/\/ekonaut.org\/wp-content\/uploads\/2022\/04\/EUzaTebe_text-1.png 506w, https:\/\/ekonaut.org\/wp-content\/uploads\/2022\/04\/EUzaTebe_text-1-300x154.png 300w, https:\/\/ekonaut.org\/wp-content\/uploads\/2022\/04\/EUzaTebe_text-1-18x9.png 18w\" sizes=\"(max-width: 183px) 100vw, 183px\" \/><\/figure>\n\n\n\n<p><\/p>","protected":false},"excerpt":{"rendered":"<p>Usled razli\u010ditih faktora zaga\u0111enja, nadolaze\u0107e klimatske krize i nekontrolisanog investitorskog urbanizma koji ugro\u017eavaju zelenu infrastrukturu i javni prostor Beograda, kvalitet \u017eivota u gradu sve vi\u0161e opada i name\u0107e se potreba za novim re\u0161enjima. Trend pove\u0107anja saobra\u0107aja i povr\u0161ina gra\u0111evinskog zemlji\u0161ta, a smanjivanje i zapostavljanje zelenih povr\u0161ina, predstavlja dugoro\u010dnu pretnju po zdravlje dece, gra\u0111ana i gra\u0111anki [&hellip;]<\/p>","protected":false},"author":1,"featured_media":15421,"comment_status":"closed","ping_status":"closed","sticky":false,"template":"","format":"standard","meta":{"jnews-multi-image_gallery":[],"jnews_single_post":{"subtitle":"","format":"standard","video":"","gallery":"","source_name":"","source_url":"","via_name":"","via_url":"","override_template":"0","override":[{"template":"1","single_blog_custom":"","parallax":"1","fullscreen":"1","layout":"right-sidebar","sidebar":"default-sidebar","second_sidebar":"default-sidebar","sticky_sidebar":"1","share_position":"top","share_float_style":"share-monocrhome","show_share_counter":"1","show_view_counter":"1","show_featured":"1","show_post_meta":"1","show_post_author":"1","show_post_author_image":"1","show_post_date":"1","post_date_format":"default","post_date_format_custom":"Y\/m\/d","show_post_category":"1","show_post_reading_time":"0","post_reading_time_wpm":"300","show_zoom_button":"0","zoom_button_out_step":"2","zoom_button_in_step":"3","show_post_tag":"1","show_prev_next_post":"1","show_popup_post":"1","number_popup_post":"1","show_author_box":"0","show_post_related":"0","show_inline_post_related":"0"}],"override_image_size":"0","image_override":[{"single_post_thumbnail_size":"crop-500","single_post_gallery_size":"crop-500"}],"trending_post":"0","trending_post_position":"meta","trending_post_label":"Trending","sponsored_post":"0","sponsored_post_label":"Sponsored by","sponsored_post_name":"","sponsored_post_url":"","sponsored_post_logo_enable":"0","sponsored_post_logo":"","sponsored_post_desc":"","disable_ad":"0"},"jnews_primary_category":{"id":""},"jnews_social_meta":{"fb_title":"","fb_description":"","fb_image":"","twitter_title":"","twitter_description":"","twitter_image":""},"jnews_review":[],"enable_review":"0","type":"percentage","name":"","summary":"","brand":"","sku":"","good":[{"good_text":""}],"bad":[{"bad_text":""}],"score_override":"","override_value":"","rating":[{"rating_text":"","rating_number":"10"}],"price":[{"shop":"","price":"","link":"","icon":""}],"jnews_override_counter":{"override_view_counter":"0","view_counter_number":"0","override_share_counter":"0","share_counter_number":"0","override_like_counter":"0","like_counter_number":"0","override_dislike_counter":"0","dislike_counter_number":"0"},"jnews_post_split":{"enable_post_split":"0","post_split":[{"template":"1","tag":"h2","numbering":"asc","mode":"normal","first":"0","enable_toc":"0","toc_type":"normal"}]},"footnotes":""},"categories":[44],"tags":[64,65,66,67,68],"class_list":["post-14179","post","type-post","status-publish","format-standard","has-post-thumbnail","hentry","category-vesti","tag-bastenske-zajednice","tag-gradske-baste","tag-klimatske-promene","tag-urbano-bastovanstvo","tag-zelena-infrastruktura"],"yoast_head":"<!-- This site is optimized with the Yoast SEO plugin v27.5 - https:\/\/yoast.com\/product\/yoast-seo-wordpress\/ -->\n<title>EKONAUT POKRE\u0106E INICIJATIVU ZA BA\u0160TENSKE ZAJEDNICE<\/title>\n<meta name=\"description\" content=\"Formiranje sistema gradskih ba\u0161tenskih zajednica je alat za odr\u017eivo upravljanje gradskim prostorima, ali i kao sredstvo za postizanje mikro klimatskih, socijalnih i ekonomskih benefita.\u00a0\" \/>\n<meta name=\"robots\" content=\"index, follow, max-snippet:-1, max-image-preview:large, max-video-preview:-1\" \/>\n<link rel=\"canonical\" href=\"https:\/\/ekonaut.org\/en\/ekonaut-pokrece-inicijativu-za-bastenske-zajednice\/\" \/>\n<meta property=\"og:locale\" content=\"en_GB\" \/>\n<meta property=\"og:type\" content=\"article\" \/>\n<meta property=\"og:title\" content=\"EKONAUT POKRE\u0106E INICIJATIVU ZA BA\u0160TENSKE ZAJEDNICE\" \/>\n<meta property=\"og:description\" content=\"Formiranje sistema gradskih ba\u0161tenskih zajednica je alat za odr\u017eivo upravljanje gradskim prostorima, ali i kao sredstvo za postizanje mikro klimatskih, socijalnih i ekonomskih benefita.\u00a0\" \/>\n<meta property=\"og:url\" content=\"https:\/\/ekonaut.org\/en\/ekonaut-pokrece-inicijativu-za-bastenske-zajednice\/\" \/>\n<meta property=\"og:site_name\" content=\"Priroda u gradu\" \/>\n<meta property=\"article:publisher\" content=\"https:\/\/www.facebook.com\/ekonaut.serbia\/\" \/>\n<meta property=\"article:published_time\" content=\"2021-09-01T19:45:07+00:00\" \/>\n<meta property=\"article:modified_time\" content=\"2022-04-03T00:18:02+00:00\" \/>\n<meta property=\"og:image\" content=\"https:\/\/ekonaut.org\/wp-content\/uploads\/2022\/04\/IMG_20210703_153606-scaled-min.jpg\" \/>\n\t<meta property=\"og:image:width\" content=\"1280\" \/>\n\t<meta property=\"og:image:height\" content=\"960\" \/>\n\t<meta property=\"og:image:type\" content=\"image\/jpeg\" \/>\n<meta name=\"author\" content=\"admin\" \/>\n<meta name=\"twitter:card\" content=\"summary_large_image\" \/>\n<meta name=\"twitter:label1\" content=\"Written by\" \/>\n\t<meta name=\"twitter:data1\" content=\"admin\" \/>\n\t<meta name=\"twitter:label2\" content=\"Estimated reading time\" \/>\n\t<meta name=\"twitter:data2\" content=\"4 minutes\" \/>\n<script type=\"application\/ld+json\" class=\"yoast-schema-graph\">{\"@context\":\"https:\\\/\\\/schema.org\",\"@graph\":[{\"@type\":\"Article\",\"@id\":\"https:\\\/\\\/ekonaut.org\\\/en\\\/ekonaut-pokrece-inicijativu-za-bastenske-zajednice\\\/#article\",\"isPartOf\":{\"@id\":\"https:\\\/\\\/ekonaut.org\\\/en\\\/ekonaut-pokrece-inicijativu-za-bastenske-zajednice\\\/\"},\"author\":{\"name\":\"admin\",\"@id\":\"https:\\\/\\\/ekonaut.org\\\/#\\\/schema\\\/person\\\/dd0c55c795264ed394034f47345f8154\"},\"headline\":\"Ekonaut pokre\u0107e inicijativu za ba\u0161tenske zajednice\",\"datePublished\":\"2021-09-01T19:45:07+00:00\",\"dateModified\":\"2022-04-03T00:18:02+00:00\",\"mainEntityOfPage\":{\"@id\":\"https:\\\/\\\/ekonaut.org\\\/en\\\/ekonaut-pokrece-inicijativu-za-bastenske-zajednice\\\/\"},\"wordCount\":868,\"publisher\":{\"@id\":\"https:\\\/\\\/ekonaut.org\\\/#organization\"},\"image\":{\"@id\":\"https:\\\/\\\/ekonaut.org\\\/en\\\/ekonaut-pokrece-inicijativu-za-bastenske-zajednice\\\/#primaryimage\"},\"thumbnailUrl\":\"https:\\\/\\\/ekonaut.org\\\/wp-content\\\/uploads\\\/2022\\\/04\\\/IMG_20210703_153606-scaled-min.jpg\",\"keywords\":[\"ba\u0161tenske zajednice\",\"gradske ba\u0161te\",\"klimatske promene\",\"urbano ba\u0161tovanstvo\",\"zelena infrastruktura\"],\"articleSection\":[\"Vesti\"],\"inLanguage\":\"en-GB\"},{\"@type\":\"WebPage\",\"@id\":\"https:\\\/\\\/ekonaut.org\\\/en\\\/ekonaut-pokrece-inicijativu-za-bastenske-zajednice\\\/\",\"url\":\"https:\\\/\\\/ekonaut.org\\\/en\\\/ekonaut-pokrece-inicijativu-za-bastenske-zajednice\\\/\",\"name\":\"EKONAUT POKRE\u0106E INICIJATIVU ZA BA\u0160TENSKE ZAJEDNICE\",\"isPartOf\":{\"@id\":\"https:\\\/\\\/ekonaut.org\\\/#website\"},\"primaryImageOfPage\":{\"@id\":\"https:\\\/\\\/ekonaut.org\\\/en\\\/ekonaut-pokrece-inicijativu-za-bastenske-zajednice\\\/#primaryimage\"},\"image\":{\"@id\":\"https:\\\/\\\/ekonaut.org\\\/en\\\/ekonaut-pokrece-inicijativu-za-bastenske-zajednice\\\/#primaryimage\"},\"thumbnailUrl\":\"https:\\\/\\\/ekonaut.org\\\/wp-content\\\/uploads\\\/2022\\\/04\\\/IMG_20210703_153606-scaled-min.jpg\",\"datePublished\":\"2021-09-01T19:45:07+00:00\",\"dateModified\":\"2022-04-03T00:18:02+00:00\",\"description\":\"Formiranje sistema gradskih ba\u0161tenskih zajednica je alat za odr\u017eivo upravljanje gradskim prostorima, ali i kao sredstvo za postizanje mikro klimatskih, socijalnih i ekonomskih benefita.\u00a0\",\"breadcrumb\":{\"@id\":\"https:\\\/\\\/ekonaut.org\\\/en\\\/ekonaut-pokrece-inicijativu-za-bastenske-zajednice\\\/#breadcrumb\"},\"inLanguage\":\"en-GB\",\"potentialAction\":[{\"@type\":\"ReadAction\",\"target\":[\"https:\\\/\\\/ekonaut.org\\\/en\\\/ekonaut-pokrece-inicijativu-za-bastenske-zajednice\\\/\"]}]},{\"@type\":\"ImageObject\",\"inLanguage\":\"en-GB\",\"@id\":\"https:\\\/\\\/ekonaut.org\\\/en\\\/ekonaut-pokrece-inicijativu-za-bastenske-zajednice\\\/#primaryimage\",\"url\":\"https:\\\/\\\/ekonaut.org\\\/wp-content\\\/uploads\\\/2022\\\/04\\\/IMG_20210703_153606-scaled-min.jpg\",\"contentUrl\":\"https:\\\/\\\/ekonaut.org\\\/wp-content\\\/uploads\\\/2022\\\/04\\\/IMG_20210703_153606-scaled-min.jpg\",\"width\":1280,\"height\":960},{\"@type\":\"BreadcrumbList\",\"@id\":\"https:\\\/\\\/ekonaut.org\\\/en\\\/ekonaut-pokrece-inicijativu-za-bastenske-zajednice\\\/#breadcrumb\",\"itemListElement\":[{\"@type\":\"ListItem\",\"position\":1,\"name\":\"Home\",\"item\":\"https:\\\/\\\/ekonaut.org\\\/\"},{\"@type\":\"ListItem\",\"position\":2,\"name\":\"Ekonaut pokre\u0107e inicijativu za ba\u0161tenske zajednice\"}]},{\"@type\":\"WebSite\",\"@id\":\"https:\\\/\\\/ekonaut.org\\\/#website\",\"url\":\"https:\\\/\\\/ekonaut.org\\\/\",\"name\":\"Priroda u gradu\",\"description\":\"Sa\u010duvajmo prirodu u gradu\",\"publisher\":{\"@id\":\"https:\\\/\\\/ekonaut.org\\\/#organization\"},\"potentialAction\":[{\"@type\":\"SearchAction\",\"target\":{\"@type\":\"EntryPoint\",\"urlTemplate\":\"https:\\\/\\\/ekonaut.org\\\/?s={search_term_string}\"},\"query-input\":{\"@type\":\"PropertyValueSpecification\",\"valueRequired\":true,\"valueName\":\"search_term_string\"}}],\"inLanguage\":\"en-GB\"},{\"@type\":\"Organization\",\"@id\":\"https:\\\/\\\/ekonaut.org\\\/#organization\",\"name\":\"Priroda u gradu\",\"url\":\"https:\\\/\\\/ekonaut.org\\\/\",\"logo\":{\"@type\":\"ImageObject\",\"inLanguage\":\"en-GB\",\"@id\":\"https:\\\/\\\/ekonaut.org\\\/#\\\/schema\\\/logo\\\/image\\\/\",\"url\":\"https:\\\/\\\/ekonaut.org\\\/wp-content\\\/uploads\\\/2022\\\/03\\\/Ekonaut-logo.webp\",\"contentUrl\":\"https:\\\/\\\/ekonaut.org\\\/wp-content\\\/uploads\\\/2022\\\/03\\\/Ekonaut-logo.webp\",\"width\":230,\"height\":53,\"caption\":\"Priroda u gradu\"},\"image\":{\"@id\":\"https:\\\/\\\/ekonaut.org\\\/#\\\/schema\\\/logo\\\/image\\\/\"},\"sameAs\":[\"https:\\\/\\\/www.facebook.com\\\/ekonaut.serbia\\\/\",\"https:\\\/\\\/www.instagram.com\\\/ekonaut.srb\\\/?hl=en\",\"https:\\\/\\\/www.pinterest.com\\\/ekonautzdravac\\\/\"]},{\"@type\":\"Person\",\"@id\":\"https:\\\/\\\/ekonaut.org\\\/#\\\/schema\\\/person\\\/dd0c55c795264ed394034f47345f8154\",\"name\":\"admin\",\"sameAs\":[\"http:\\\/\\\/ekonaut.org\"],\"url\":\"https:\\\/\\\/ekonaut.org\\\/en\\\/author\\\/admin\\\/\"}]}<\/script>\n<!-- \/ Yoast SEO plugin. -->","yoast_head_json":{"title":"EKONAUT POKRE\u0106E INICIJATIVU ZA BA\u0160TENSKE ZAJEDNICE","description":"Formiranje sistema gradskih ba\u0161tenskih zajednica je alat za odr\u017eivo upravljanje gradskim prostorima, ali i kao sredstvo za postizanje mikro klimatskih, socijalnih i ekonomskih benefita.\u00a0","robots":{"index":"index","follow":"follow","max-snippet":"max-snippet:-1","max-image-preview":"max-image-preview:large","max-video-preview":"max-video-preview:-1"},"canonical":"https:\/\/ekonaut.org\/en\/ekonaut-pokrece-inicijativu-za-bastenske-zajednice\/","og_locale":"en_GB","og_type":"article","og_title":"EKONAUT POKRE\u0106E INICIJATIVU ZA BA\u0160TENSKE ZAJEDNICE","og_description":"Formiranje sistema gradskih ba\u0161tenskih zajednica je alat za odr\u017eivo upravljanje gradskim prostorima, ali i kao sredstvo za postizanje mikro klimatskih, socijalnih i ekonomskih benefita.\u00a0","og_url":"https:\/\/ekonaut.org\/en\/ekonaut-pokrece-inicijativu-za-bastenske-zajednice\/","og_site_name":"Priroda u gradu","article_publisher":"https:\/\/www.facebook.com\/ekonaut.serbia\/","article_published_time":"2021-09-01T19:45:07+00:00","article_modified_time":"2022-04-03T00:18:02+00:00","og_image":[{"width":1280,"height":960,"url":"https:\/\/ekonaut.org\/wp-content\/uploads\/2022\/04\/IMG_20210703_153606-scaled-min.jpg","type":"image\/jpeg"}],"author":"admin","twitter_card":"summary_large_image","twitter_misc":{"Written by":"admin","Estimated reading time":"4 minutes"},"schema":{"@context":"https:\/\/schema.org","@graph":[{"@type":"Article","@id":"https:\/\/ekonaut.org\/en\/ekonaut-pokrece-inicijativu-za-bastenske-zajednice\/#article","isPartOf":{"@id":"https:\/\/ekonaut.org\/en\/ekonaut-pokrece-inicijativu-za-bastenske-zajednice\/"},"author":{"name":"admin","@id":"https:\/\/ekonaut.org\/#\/schema\/person\/dd0c55c795264ed394034f47345f8154"},"headline":"Ekonaut pokre\u0107e inicijativu za ba\u0161tenske zajednice","datePublished":"2021-09-01T19:45:07+00:00","dateModified":"2022-04-03T00:18:02+00:00","mainEntityOfPage":{"@id":"https:\/\/ekonaut.org\/en\/ekonaut-pokrece-inicijativu-za-bastenske-zajednice\/"},"wordCount":868,"publisher":{"@id":"https:\/\/ekonaut.org\/#organization"},"image":{"@id":"https:\/\/ekonaut.org\/en\/ekonaut-pokrece-inicijativu-za-bastenske-zajednice\/#primaryimage"},"thumbnailUrl":"https:\/\/ekonaut.org\/wp-content\/uploads\/2022\/04\/IMG_20210703_153606-scaled-min.jpg","keywords":["ba\u0161tenske zajednice","gradske ba\u0161te","klimatske promene","urbano ba\u0161tovanstvo","zelena infrastruktura"],"articleSection":["Vesti"],"inLanguage":"en-GB"},{"@type":"WebPage","@id":"https:\/\/ekonaut.org\/en\/ekonaut-pokrece-inicijativu-za-bastenske-zajednice\/","url":"https:\/\/ekonaut.org\/en\/ekonaut-pokrece-inicijativu-za-bastenske-zajednice\/","name":"EKONAUT POKRE\u0106E INICIJATIVU ZA BA\u0160TENSKE ZAJEDNICE","isPartOf":{"@id":"https:\/\/ekonaut.org\/#website"},"primaryImageOfPage":{"@id":"https:\/\/ekonaut.org\/en\/ekonaut-pokrece-inicijativu-za-bastenske-zajednice\/#primaryimage"},"image":{"@id":"https:\/\/ekonaut.org\/en\/ekonaut-pokrece-inicijativu-za-bastenske-zajednice\/#primaryimage"},"thumbnailUrl":"https:\/\/ekonaut.org\/wp-content\/uploads\/2022\/04\/IMG_20210703_153606-scaled-min.jpg","datePublished":"2021-09-01T19:45:07+00:00","dateModified":"2022-04-03T00:18:02+00:00","description":"Formiranje sistema gradskih ba\u0161tenskih zajednica je alat za odr\u017eivo upravljanje gradskim prostorima, ali i kao sredstvo za postizanje mikro klimatskih, socijalnih i ekonomskih benefita.\u00a0","breadcrumb":{"@id":"https:\/\/ekonaut.org\/en\/ekonaut-pokrece-inicijativu-za-bastenske-zajednice\/#breadcrumb"},"inLanguage":"en-GB","potentialAction":[{"@type":"ReadAction","target":["https:\/\/ekonaut.org\/en\/ekonaut-pokrece-inicijativu-za-bastenske-zajednice\/"]}]},{"@type":"ImageObject","inLanguage":"en-GB","@id":"https:\/\/ekonaut.org\/en\/ekonaut-pokrece-inicijativu-za-bastenske-zajednice\/#primaryimage","url":"https:\/\/ekonaut.org\/wp-content\/uploads\/2022\/04\/IMG_20210703_153606-scaled-min.jpg","contentUrl":"https:\/\/ekonaut.org\/wp-content\/uploads\/2022\/04\/IMG_20210703_153606-scaled-min.jpg","width":1280,"height":960},{"@type":"BreadcrumbList","@id":"https:\/\/ekonaut.org\/en\/ekonaut-pokrece-inicijativu-za-bastenske-zajednice\/#breadcrumb","itemListElement":[{"@type":"ListItem","position":1,"name":"Home","item":"https:\/\/ekonaut.org\/"},{"@type":"ListItem","position":2,"name":"Ekonaut pokre\u0107e inicijativu za ba\u0161tenske zajednice"}]},{"@type":"WebSite","@id":"https:\/\/ekonaut.org\/#website","url":"https:\/\/ekonaut.org\/","name":"Priroda u gradu","description":"Sa\u010duvajmo prirodu u gradu","publisher":{"@id":"https:\/\/ekonaut.org\/#organization"},"potentialAction":[{"@type":"SearchAction","target":{"@type":"EntryPoint","urlTemplate":"https:\/\/ekonaut.org\/?s={search_term_string}"},"query-input":{"@type":"PropertyValueSpecification","valueRequired":true,"valueName":"search_term_string"}}],"inLanguage":"en-GB"},{"@type":"Organization","@id":"https:\/\/ekonaut.org\/#organization","name":"Priroda u gradu","url":"https:\/\/ekonaut.org\/","logo":{"@type":"ImageObject","inLanguage":"en-GB","@id":"https:\/\/ekonaut.org\/#\/schema\/logo\/image\/","url":"https:\/\/ekonaut.org\/wp-content\/uploads\/2022\/03\/Ekonaut-logo.webp","contentUrl":"https:\/\/ekonaut.org\/wp-content\/uploads\/2022\/03\/Ekonaut-logo.webp","width":230,"height":53,"caption":"Priroda u gradu"},"image":{"@id":"https:\/\/ekonaut.org\/#\/schema\/logo\/image\/"},"sameAs":["https:\/\/www.facebook.com\/ekonaut.serbia\/","https:\/\/www.instagram.com\/ekonaut.srb\/?hl=en","https:\/\/www.pinterest.com\/ekonautzdravac\/"]},{"@type":"Person","@id":"https:\/\/ekonaut.org\/#\/schema\/person\/dd0c55c795264ed394034f47345f8154","name":"admin","sameAs":["http:\/\/ekonaut.org"],"url":"https:\/\/ekonaut.org\/en\/author\/admin\/"}]}},"_links":{"self":[{"href":"https:\/\/ekonaut.org\/en\/wp-json\/wp\/v2\/posts\/14179","targetHints":{"allow":["GET"]}}],"collection":[{"href":"https:\/\/ekonaut.org\/en\/wp-json\/wp\/v2\/posts"}],"about":[{"href":"https:\/\/ekonaut.org\/en\/wp-json\/wp\/v2\/types\/post"}],"author":[{"embeddable":true,"href":"https:\/\/ekonaut.org\/en\/wp-json\/wp\/v2\/users\/1"}],"replies":[{"embeddable":true,"href":"https:\/\/ekonaut.org\/en\/wp-json\/wp\/v2\/comments?post=14179"}],"version-history":[{"count":2,"href":"https:\/\/ekonaut.org\/en\/wp-json\/wp\/v2\/posts\/14179\/revisions"}],"predecessor-version":[{"id":15425,"href":"https:\/\/ekonaut.org\/en\/wp-json\/wp\/v2\/posts\/14179\/revisions\/15425"}],"wp:featuredmedia":[{"embeddable":true,"href":"https:\/\/ekonaut.org\/en\/wp-json\/wp\/v2\/media\/15421"}],"wp:attachment":[{"href":"https:\/\/ekonaut.org\/en\/wp-json\/wp\/v2\/media?parent=14179"}],"wp:term":[{"taxonomy":"category","embeddable":true,"href":"https:\/\/ekonaut.org\/en\/wp-json\/wp\/v2\/categories?post=14179"},{"taxonomy":"post_tag","embeddable":true,"href":"https:\/\/ekonaut.org\/en\/wp-json\/wp\/v2\/tags?post=14179"}],"curies":[{"name":"wp","href":"https:\/\/api.w.org\/{rel}","templated":true}]}}